{"id":9801,"date":"2024-05-25T19:07:26","date_gmt":"2024-05-25T22:07:26","guid":{"rendered":"https:\/\/www.sportchaco.com.ar\/?p=9801"},"modified":"2024-05-25T19:07:33","modified_gmt":"2024-05-25T22:07:33","slug":"alejandro-garnacho-la-figura-del-manchester-united-campeon","status":"publish","type":"post","link":"https:\/\/www.sportchaco.com.ar\/?p=9801","title":{"rendered":"Alejandro Garnacho, la figura del Manchester United campe\u00f3n"},"content":{"rendered":"<h1><\/h1>\n<p>&nbsp;<\/p>\n<p>&nbsp;<\/p>\n<div class=\"article-info\">\n<div class=\"article-info-left\">\n<div class=\"article-autor-info\">\n<div class=\"article-autor-name\"><time datetime=\"2024-05-25T18:43:18-03:00\">25\/05\/2024 <\/time><\/div>\n<div><\/div>\n<div class=\"article-autor-name\"><strong><time datetime=\"2024-05-25T18:43:18-03:00\">Manchester United conquist\u00f3 la\u00a013\u00aa Copa de Inglaterra, la cl\u00e1sica FA Cup<span style=\"color: #000000;\">,<a class=\"link yahoo-link\" style=\"color: #000000;\" href=\"https:\/\/es-us.noticias.yahoo.com\/manchester-city-manchester-united-vivo-140318824.html\" data-ylk=\"slk:al sorprender a su vecino Manchester City en un el\u00e9ctrico 2 a 1, en un encuentro celebrado este s\u00e1bado en Londres;elm:context_link;itc:0;sec:content-canvas;outcm:mb_qualified_link;_E:mb_qualified_link;ct:story;\" data-rapid_p=\"10\" data-v9y=\"0\">\u00a0al sorprender a su vecino Manchester City en un el\u00e9ctrico 2 a 1, en un encuentro celebrado este s\u00e1bado en Londres<\/a>.<\/span> Los Diablos Rojos, de deslucida temporada, lograron una plaza para la pr\u00f3xima Europa League, respaldados en el coraje de Lisandro, que anul\u00f3 a\u00a0Erling Haaland, el mejor 9 mundial. Lo hizo con garra, presencia y convertido en mariscal. Apoyado en Raphael Varane, codo a codo, resisti\u00f3 todo lo que pudo enfundado en la piel del gigante, que solo dispuso del bal\u00f3n un 27 por ciento.<\/time><\/strong><\/div>\n<\/div>\n<\/div>\n<\/div>\n<figure class=\"rat16x9\"><img decoding=\"async\" title=\"Alejandro Garnacho\" src=\"https:\/\/media.tycsports.com\/files\/2024\/05\/25\/721960\/alejandro-garnacho_416x234.webp?v=2\" srcset=\"https:\/\/media.tycsports.com\/files\/2024\/05\/25\/721960\/alejandro-garnacho_416x234.webp?v=2 480w ,https:\/\/media.tycsports.com\/files\/2024\/05\/25\/721960\/alejandro-garnacho_862x485.webp?v=2 1080w \" alt=\"Alejandro Garnacho\" \/><figcaption>Alejandro Garnacho, figura del Manchester United en la final de la FA Cup, celebr\u00f3 con la bandera Argentina. (TyC Sports)<\/figcaption><\/figure>\n<p class=\"capital\"><span style=\"color: #000000;\"><a style=\"color: #000000;\" href=\"https:\/\/www.tycsports.com\/fa-cup\/manchester-city-vs-manchester-united-en-vivo-hora-donde-ver-y-formaciones-id586378.html\" target=\"_blank\" rel=\"noopener\">Manchester United dio el golpe y se consagr\u00f3 campe\u00f3n de la FA Cup tras vencer por 2-1 a Manchester City<\/a>\u00a0en la gran final en\u00a0Wembley. Pieza clave para el t\u00edtulo fue\u00a0Alejandro Garnacho, que anot\u00f3 el gol que abri\u00f3 el marcador y particip\u00f3 activamente del segundo tanto de los Diablos Rojos. Luego del partido,\u00a0vivi\u00f3 un emotivo momento con su familia\u00a0y celebr\u00f3 junto a\u00a0Lisandro Mart\u00ednez con la bandera argentina.<\/span><\/p>\n<div class=\"watchto-wrap\">\n<div class=\"watchto\">\n<div class=\"watchto-text\">\n<p>&nbsp;<\/p>\n<\/div>\n<div class=\"watchto-btn-view\"><\/div>\n<\/div>\n<\/div>\n<p>El cron\u00f3metro marcaba los 29 minutos del primer tiempo cuando el portugu\u00e9s<b>\u00a0Diogo Dalot<\/b>\u00a0meti\u00f3 un gran pase desde su campo para el delantero. El croata<b>\u00a0Jo\u0161ko Gvardiol\u00a0<\/b>le gan\u00f3 la posici\u00f3n y cabece\u00f3 atr\u00e1s para el alem\u00e1n\u00a0<b>Stefan Ortega Moreno<\/b>, quien hab\u00eda salido y qued\u00f3 a mitad de camino, por lo que al Bichito solo le quedaba empujarla para inflar la red.<\/p>\n<section class=\"fluidMedia\">\n<div id=\"video-genoa-721872\" class=\"player-nota-wrapper genoa-async lazycontainer\" data-contentid=\"1624260\" data-share=\"https:\/\/www.tycsports.com\/fa-cup\/gol-garnacho-manchester-united-city-final-fa-cip-id586925.html\">\n<div class=\"player-nota-overlay\">\n<h3><\/h3>\n<\/div>\n<\/div>\n<\/section>\n<p>Menos de diez minutos m\u00e1s tarde, ya con la ventaja en el marcador,<b>\u00a0los Diablos Rojos ganaron en confianza y encontraron espacios para lastimar a un desorientado equipo de Pep Guardiola<\/b>. El propio Garnacho tambi\u00e9n inici\u00f3 la jugada del segundo gol, a los 38 de aquel primer tiempo, con\u00a0<b>un buen desborde por derecha, un toque al medio para Bruno Fernandes que, con una sutileza, dej\u00f3 solo a Kobbie Mainoo<\/b>, quien defini\u00f3 para el segundo.<\/p>\n<section class=\"fluidMedia\">\n<div id=\"video-genoa-721876\" class=\"player-nota-wrapper genoa-async lazycontainer\" data-contentid=\"1624268\" data-share=\"https:\/\/www.tycsports.com\/fa-cup\/gol-garnacho-manchester-united-city-final-fa-cip-id586925.html\">\n<div class=\"player-nota-overlay\"><\/div>\n<\/div>\n<\/section>\n<h2><\/h2>\n<p>Ya en el descuento, el neerland\u00e9s<b>\u00a0Erik ten Hag<\/b>\u00a0sac\u00f3 al autor del primer gol del partido para que ingrese el sueco\u00a0<b>Victor Lindel\u00f6f<\/b>. El p\u00fablico presente de<b>\u00a0Manchester United<\/b>\u00a0despidi\u00f3 de pie y con aplausos a una de las grandes figuras que tuvo el equipo para conquistar la<b>\u00a0FA Cup\u00a0<\/b>en Wembley.<\/p>\n<section class=\"fluidMedia\">\n<div id=\"video-genoa-721905\" class=\"player-nota-wrapper genoa-async lazycontainer\" data-contentid=\"1624293\" data-share=\"https:\/\/www.tycsports.com\/fa-cup\/gol-garnacho-manchester-united-city-final-fa-cip-id586925.html\">\n<div class=\"player-nota-overlay\"><\/div>\n<\/div>\n<\/section>\n<h2><\/h2>\n<p>Luego del pitazo final,\u00a0<b>Manchester United\u00a0<\/b>comenz\u00f3 con los festejos del t\u00edtulo en la\u00a0<b>FA Cup<\/b>.\u00a0<b>Alejandro Garnacho<\/b>, la gran figura del partido, fue corriendo a la tribuna donde se encontraba su familia y\u00a0<b>se fundi\u00f3 en un emotivo abrazo que se volvi\u00f3 viral en las redes sociales<\/b>. Su padre, Alex, que es espa\u00f1ol, l<b>e entreg\u00f3 una bandera de la Argentina, que luego flame\u00f3 por todo Wembley.<\/b><\/p>\n<section class=\"fluidMedia\">\n<div id=\"video-genoa-721948\" class=\"player-nota-wrapper genoa-async lazycontainer\" data-contentid=\"1624329\" data-share=\"https:\/\/www.tycsports.com\/fa-cup\/gol-garnacho-manchester-united-city-final-fa-cip-id586925.html\">\n<div class=\"player-nota-overlay\">\n<h3><\/h3>\n<\/div>\n<\/div>\n<\/section>\n<p>Ya en el vestuario, pos\u00f3 junto a\u00a0<b>Lisandro Mart\u00ednez<\/b>, de quien alguna vez reconoci\u00f3 que lo considera \u00abcomo un padre\u00bb dentro del vestuario de los Diablos Rojos, dada su relaci\u00f3n que se extiende en la Selecci\u00f3n Argentina.<i><b>\u00a0\u00abSoy el m\u00e1s joven del grupo y Lisandro Mart\u00ednez es como mi padre porque cuando me tiene que rega\u00f1ar, me rega\u00f1a, y cuando hago las cosas bien, me lo dice. Siempre me intenta ayudar en todo\u00bb,<\/b><\/i> hab\u00eda declarado.<\/p>\n<section class=\"fluidMedia\"><\/section>\n<div class=\"subs-box\">\n<div class=\"subs-texts\">\n<header class=\"caas-header\">\n<div class=\"caas-title-wrapper\">\n<h1 id=\"caas-lead-header-a93d0cc0-9938-3cf9-8cc8-fed962885f55\" data-test-locator=\"headline\">Lisandro Mart\u00ednez<\/h1>\n<\/div>\n<\/header>\n<div class=\"caas-content-byline-wrapper\">\n<div class=\"caas-attr\">\n<div class=\"caas-attr-meta\">\n<div class=\"caas-attr-time-style\"><\/div>\n<\/div>\n<\/div>\n<div class=\"caas-content-contain-share\"><\/div>\n<\/div>\n<div class=\"caas-body-wrapper\">\n<div class=\"caas-body-inner-wrapper\">\n<div class=\"caas-body-section\">\n<div class=\"caas-content\">\n<div class=\"caas-content-wrapper\">\n<div class=\"caas-body-content\">\n<div class=\"caas-inner-body\">\n<figure class=\"caas-figure caas-cover\">\n<div class=\"caas-figure-with-pb\">\n<div>\n<div class=\"caas-img-container caas-img-lightbox\" data-lightbox-src=\"https:\/\/s.yimg.com\/ny\/api\/res\/1.2\/LaGnFIWFuggwr58VEMxS7Q--\/YXBwaWQ9aGlnaGxhbmRlcjt3PTE1MzY7aD0xMDI0O2NmPXdlYnA-\/https:\/\/media.zenfs.com\/es\/lanacion.com.ar\/d5b5e7382d26a06f87599d908bdb15cc\"><span class=\"caas-img-wrapper\"><img decoding=\"async\" class=\"caas-img\" src=\"https:\/\/s.yimg.com\/ny\/api\/res\/1.2\/Azc2kTFKRR92wmXW3ZiHiQ--\/YXBwaWQ9aGlnaGxhbmRlcjt3PTEyNDI7aD04Mjg7Y2Y9d2VicA--\/https:\/\/media.zenfs.com\/es\/lanacion.com.ar\/d5b5e7382d26a06f87599d908bdb15cc\" alt=\"Lisandro Mart\u00ednez con el trofeo de la FA Cup 2023-24; el defensor fue titular y tuvo una soberbia actuaci\u00f3n ante Manchester City\" data-src=\"https:\/\/s.yimg.com\/ny\/api\/res\/1.2\/Azc2kTFKRR92wmXW3ZiHiQ--\/YXBwaWQ9aGlnaGxhbmRlcjt3PTEyNDI7aD04Mjg7Y2Y9d2VicA--\/https:\/\/media.zenfs.com\/es\/lanacion.com.ar\/d5b5e7382d26a06f87599d908bdb15cc\" \/><button class=\"link caas-lightbox\" aria-label=\"Ver imagen ampliada\" data-ylk=\"sec:image-lightbox;slk:lightbox-open;elm:expand;itc:1\" data-rapid_p=\"8\" data-v9y=\"0\"><\/button><\/span><\/div>\n<\/div>\n<\/div>\n<div class=\"caption-wrapper caption-aligned-with-image\">\n<div class=\"caption-wrapper caption-aligned-with-image\"><\/div>\n<\/div><figcaption class=\"caption-collapse\" data-id=\"m-0\">Lisandro Mart\u00ednez con el trofeo de la FA Cup 2023-24<\/figcaption><\/figure>\n<div class=\"caas-body\">\n<p><b>Lisandro Mart\u00ednez<\/b>\u00a0tiene 26 a\u00f1os, naci\u00f3 en Gualeguay, jug\u00f3 en Newell\u2019s, Defensa y Justicia y Ajax, hasta que aterriz\u00f3 en\u00a0<b>Manchester United<\/b>. Lo adoran en Inglaterra, destroza la teor\u00eda de la enemistad eterna entre argentinos e ingleses, al menos, sobre el campo de juego. El f\u00fatbol es otro asunto: las emociones suelen estar a entera disposici\u00f3n.\u00a0<b>\u201c\u00a1Argentina, Argentina!\u201d<\/b>, le cantan. Ahora, que sale campe\u00f3n dom\u00e9stico. O ayer nom\u00e1s, cuando regresaba, despu\u00e9s de una eterna lesi\u00f3n.<\/p>\n<p>Imposible no conmoverse, en el coraz\u00f3n de Londres, en la Catedral del f\u00fatbol.\u00a0<b>Lo llaman el \u201ccarnicero\u201d<\/b>, por su salvaje manera de defender lo propio. Al l\u00edmite, con alma y vida. Lisandro Mart\u00ednez es campe\u00f3n, otra vez, bajo el calor del rojo fuego del United. Y es, sobre todo las cosas, un campe\u00f3n del mundo.<\/p>\n<figure class=\"caas-figure\"><\/figure>\n<p>&nbsp;<\/p>\n<p>Esta vez, Wembley fue el teatro de los sue\u00f1os del United apoyado en los tantos en la primera mitad de\u00a0Alejandro Garnacho, su amigo y colega, cada d\u00eda m\u00e1s \u201cargentino\u201d y de\u00a0Koobie Mainoo, ambos de 19 a\u00f1os. Todo un s\u00edmbolo. El belga\u00a0Jeremy Doku\u00a0descont\u00f3 en el final para decorar el resultado. \u201cEstoy muy emocionado. No fue una temporada buena, no fue lo que esperamos, pero festejamos esta copa, que tambi\u00e9n es importante. Tuve una temporada con muchas lesiones, que nunca me hab\u00eda pasado, pero\u00a0s\u00e9 que nunca me tengo que dar por vencido. Por mi mentalidad, no me va a parar nadie\u201d,\u00a0exclama Lisandro, con la medalla colgada en el cuello. Bajo el calor del \u201c\u00a1Argentina, Argentina, Argentina!\u201d, tiempo despu\u00e9s de comportarse como un aut\u00e9ntico caudillo.<\/p>\n<figure class=\"caas-figure\">\n<div class=\"caas-figure-with-pb\">\n<div>\n<div class=\"caas-img-container caas-img-lightbox\" data-lightbox-src=\"https:\/\/s.yimg.com\/ny\/api\/res\/1.2\/1qKJYg.jVTksh3jk5VYT6g--\/YXBwaWQ9aGlnaGxhbmRlcjt3PTE1MzY7aD0xMDI0O2NmPXdlYnA-\/https:\/\/media.zenfs.com\/es\/lanacion.com.ar\/182a0a75f4a869de8a1d96daa622eb2d\"><span class=\"caas-img-wrapper\"><img decoding=\"async\" class=\"caas-img caas-lazy has-preview caas-loaded\" src=\"https:\/\/s.yimg.com\/ny\/api\/res\/1.2\/yTaTXHbwSr1gZrs7QUt_0A--\/YXBwaWQ9aGlnaGxhbmRlcjt3PTk2MDtoPTY0MDtjZj13ZWJw\/https:\/\/media.zenfs.com\/es\/lanacion.com.ar\/182a0a75f4a869de8a1d96daa622eb2d\" alt=\"Tampoco Juli\u00e1n \u00c1lvarez pudo contra Lisandro Mart\u00ednez\" data-caas-lazy-loading-init=\"1\" \/><button class=\"link caas-lightbox\" aria-label=\"Ver imagen ampliada\" data-ylk=\"sec:image-lightbox;slk:lightbox-open;elm:expand;itc:1\" data-rapid_p=\"11\" data-v9y=\"0\"><\/button><\/span><\/div>\n<\/div>\n<\/div>\n<div class=\"caption-wrapper caption-aligned-with-image\"><img loading=\"lazy\" decoding=\"async\" class=\"alignnone size-medium wp-image-9746\" src=\"https:\/\/www.sportchaco.com.ar\/wp-content\/uploads\/2024\/05\/Mosquitos-aviso-240x300.jpeg\" alt=\"\" width=\"240\" height=\"300\" srcset=\"https:\/\/www.sportchaco.com.ar\/wp-content\/uploads\/2024\/05\/Mosquitos-aviso-240x300.jpeg 240w, https:\/\/www.sportchaco.com.ar\/wp-content\/uploads\/2024\/05\/Mosquitos-aviso-819x1024.jpeg 819w, https:\/\/www.sportchaco.com.ar\/wp-content\/uploads\/2024\/05\/Mosquitos-aviso-768x960.jpeg 768w, https:\/\/www.sportchaco.com.ar\/wp-content\/uploads\/2024\/05\/Mosquitos-aviso.jpeg 1080w\" sizes=\"auto, (max-width: 240px) 100vw, 240px\" \/><\/div>\n<\/figure>\n<\/div>\n<\/div>\n<\/div>\n<\/div>\n<\/div>\n<\/div>\n<\/div>\n<\/div>\n<\/div>\n<\/div>\n","protected":false},"excerpt":{"rendered":"<p>&nbsp; &nbsp; 25\/05\/2024 Manchester United conquist\u00f3 la\u00a013\u00aa Copa de Inglaterra, la cl\u00e1sica FA Cup,\u00a0al sorprender a su vecino Manchester City en un el\u00e9ctrico 2 a 1, en un encuentro celebrado este s\u00e1bado en Londres. Los Diablos Rojos, de deslucida temporada, lograron una plaza para la pr\u00f3xima Europa League, respaldados en el coraje de Lisandro, que &hellip;<\/p>\n","protected":false},"author":2,"featured_media":9802,"comment_status":"open","ping_status":"open","sticky":false,"template":"","format":"standard","meta":{"footnotes":""},"categories":[6],"tags":[],"class_list":["post-9801","post","type-post","status-publish","format-standard","has-post-thumbnail","hentry","category-internacionales"],"_links":{"self":[{"href":"https:\/\/www.sportchaco.com.ar\/index.php?rest_route=\/wp\/v2\/posts\/9801","targetHints":{"allow":["GET"]}}],"collection":[{"href":"https:\/\/www.sportchaco.com.ar\/index.php?rest_route=\/wp\/v2\/posts"}],"about":[{"href":"https:\/\/www.sportchaco.com.ar\/index.php?rest_route=\/wp\/v2\/types\/post"}],"author":[{"embeddable":true,"href":"https:\/\/www.sportchaco.com.ar\/index.php?rest_route=\/wp\/v2\/users\/2"}],"replies":[{"embeddable":true,"href":"https:\/\/www.sportchaco.com.ar\/index.php?rest_route=%2Fwp%2Fv2%2Fcomments&post=9801"}],"version-history":[{"count":1,"href":"https:\/\/www.sportchaco.com.ar\/index.php?rest_route=\/wp\/v2\/posts\/9801\/revisions"}],"predecessor-version":[{"id":9803,"href":"https:\/\/www.sportchaco.com.ar\/index.php?rest_route=\/wp\/v2\/posts\/9801\/revisions\/9803"}],"wp:featuredmedia":[{"embeddable":true,"href":"https:\/\/www.sportchaco.com.ar\/index.php?rest_route=\/wp\/v2\/media\/9802"}],"wp:attachment":[{"href":"https:\/\/www.sportchaco.com.ar\/index.php?rest_route=%2Fwp%2Fv2%2Fmedia&parent=9801"}],"wp:term":[{"taxonomy":"category","embeddable":true,"href":"https:\/\/www.sportchaco.com.ar\/index.php?rest_route=%2Fwp%2Fv2%2Fcategories&post=9801"},{"taxonomy":"post_tag","embeddable":true,"href":"https:\/\/www.sportchaco.com.ar\/index.php?rest_route=%2Fwp%2Fv2%2Ftags&post=9801"}],"curies":[{"name":"wp","href":"https:\/\/api.w.org\/{rel}","templated":true}]}}