{"id":9804,"date":"2024-05-25T19:13:00","date_gmt":"2024-05-25T22:13:00","guid":{"rendered":"https:\/\/www.sportchaco.com.ar\/?p=9804"},"modified":"2024-05-25T19:13:00","modified_gmt":"2024-05-25T22:13:00","slug":"leclerc-hizo-la-pole-y-largara-primero-en-el-gp-de-monaco","status":"publish","type":"post","link":"https:\/\/www.sportchaco.com.ar\/?p=9804","title":{"rendered":"Leclerc hizo la pole y largar\u00e1 primero en el GP de M\u00f3naco"},"content":{"rendered":"<h1><span style=\"font-size: 16px; font-weight: 400;\">25\/05\/2024\u00a0<\/span><\/h1>\n<p class=\"description\">El monegasco se qued\u00f3 con la clasificaci\u00f3n del Gran Premio de M\u00f3naco de la F\u00f3rmula 1 en el Circuito de M\u00f3naco, en lo que ser\u00e1 la octava carrera de la temporada 2024.<\/p>\n<figure class=\"rat16x9\"><img decoding=\"async\" title=\"Charles Leclerc\" src=\"https:\/\/media.tycsports.com\/files\/2024\/05\/25\/721894\/charles-leclerc_416x234.webp?v=1\" srcset=\"https:\/\/media.tycsports.com\/files\/2024\/05\/25\/721894\/charles-leclerc_416x234.webp?v=1 480w ,https:\/\/media.tycsports.com\/files\/2024\/05\/25\/721894\/charles-leclerc_862x485.webp?v=1 1080w \" alt=\"Charles Leclerc\" \/><figcaption>Leclerc celebrando su triunfo en la clasificaci\u00f3n del GP de M\u00f3naco. (TyC Sportss)<\/figcaption><\/figure>\n<p class=\"capital\">Tras el Gran Premio de Imola donde Max Verstappen volvi\u00f3 a quedarse con la victoria, este s\u00e1bado se realiz\u00f3 la clasificaci\u00f3n de la octava carrera del a\u00f1o en el<b>\u00a0Gran Premio de M\u00f3naco\u00a0<\/b>y<b>\u00a0Charles Leclerc, piloto de Ferrari,<\/b> se qued\u00f3 con el primer lugar.<\/p>\n<div class=\"watchto-wrap\">\n<div class=\"watchto\"><a class=\"imgwrap\" title=\"F1: los horarios del GP de M\u00f3naco y el cronograma completo\" href=\"https:\/\/www.tycsports.com\/automovilismo\/f1-hoy-horarios-y-cronograma-del-gp-de-monaco-id586199.html\"><picture><source srcset=\"https:\/\/media.tycsports.com\/files\/2024\/05\/22\/720606\/formula-1_267x150.webp?v=1\" media=\"(min-width: 721px)\" \/><source srcset=\"https:\/\/media.tycsports.com\/files\/2024\/05\/22\/720606\/formula-1_267x356.webp?v=1\" media=\"(max-width: 721px)\" \/><img decoding=\"async\" src=\"https:\/\/media.tycsports.com\/files\/2024\/05\/22\/720606\/formula-1_267x150.webp?v=1\" alt=\"Foto: F1: los horarios del GP de M\u00f3naco y el cronograma completo\" data-src=\"https:\/\/media.tycsports.com\/files\/2024\/05\/22\/720606\/formula-1_267x150.webp?v=1\" \/><\/picture><\/a><\/p>\n<div class=\"watchto-text\"><\/div>\n<\/div>\n<\/div>\n<h2><\/h2>\n<p>Leclerc\u00a0arras\u00f3 en la clasificaci\u00f3n de este s\u00e1bado y su peor tiempo lo tuvo en la\u00a0Qualy 1,\u00a0donde complet\u00f3 la vuelta en 1:11:584 minutos. Fue bajando su tiempo y en la\u00a0Qualy 2\u00a0lo hizo en 1:10:825, mientras que\u00a0en la \u00faltima realiz\u00f3 su mejor actuaci\u00f3n dando la vuelta en 1:10:270.\u00a0<u>De esta manera, el piloto de\u00a0Ferrari\u00a0se qued\u00f3 con el primer puesto<\/u>.<\/p>\n<p>Detr\u00e1s suyo quedaron\u00a0Oscar Piastri\u00a0de\u00a0McLaren\u00a0con 1:10:424, quien largar\u00e1 segundo, y\u00a0Carlos Sainz, compa\u00f1ero del monegasco, que saldr\u00e1 en la tercera posici\u00f3n.\u00a0Max Verstappen, m\u00e1ximo candidato a quedarse con el\u00a0GP de M\u00f3naco, termin\u00f3 en el sexto puesto y su mejor tiempo fue de 1:10:567 en la Qualy 3.<\/p>\n<h2>As\u00ed qued\u00f3 la parrilla de largada del GP de M\u00f3naco de la F1<\/h2>\n<figure class=\"rat16x9\"><img decoding=\"async\" title=\"Parrilla GP de M\u00f3naco\" src=\"https:\/\/media.tycsports.com\/files\/2024\/05\/25\/721890\/parrilla-gp-de-monaco_416x234.webp\" srcset=\"https:\/\/media.tycsports.com\/files\/2024\/05\/25\/721890\/parrilla-gp-de-monaco_416x234.webp 480w, https:\/\/media.tycsports.com\/files\/2024\/05\/25\/721890\/parrilla-gp-de-monaco_862x485.webp 1080w\" alt=\"Parrilla GP de M\u00f3naco\" data-src=\"https:\/\/media.tycsports.com\/files\/2024\/05\/25\/721890\/parrilla-gp-de-monaco_416x234.webp\" data-srcset=\"https:\/\/media.tycsports.com\/files\/2024\/05\/25\/721890\/parrilla-gp-de-monaco_416x234.webp 480w, https:\/\/media.tycsports.com\/files\/2024\/05\/25\/721890\/parrilla-gp-de-monaco_862x485.webp 1080w\" \/><\/figure>\n<p>&nbsp;<\/p>\n<p>&nbsp;<\/p>\n<h3><\/h3>\n<h3 class=\"capital\"><b>Colapinto quinto en el spring<\/b><\/h3>\n<h3><\/h3>\n<p class=\"capital\"><strong>Franco Colapinto corri\u00f3 en\u00a0la carrera sprint del Gran Premio de M\u00f3naco de la F\u00f3rmula 2 y consigui\u00f3 quedarse con el quinto puesto para seguir sumando puntos en el campeonato. El ganador fue el brit\u00e1nico\u00a0Taylor Barnard, quien domin\u00f3 en todo momento la competencia.\u00a0<\/strong><\/p>\n<div class=\"watchto-wrap\">\n<div class=\"watchto\"><a class=\"imgwrap\" title=\"F2: cronograma del GP de M\u00f3naco y hora del fin de semana\" href=\"https:\/\/www.tycsports.com\/automovilismo\/f2-horarios-y-cronograma-del-gp-de-monaco-id586003.html\"><picture><source srcset=\"https:\/\/media.tycsports.com\/files\/2024\/05\/21\/720219\/franco-copalinto-formula-2-clive-masongetty-images_267x150.webp\" media=\"(min-width: 721px)\" \/><source srcset=\"https:\/\/media.tycsports.com\/files\/2024\/05\/21\/720219\/franco-copalinto-formula-2-clive-masongetty-images_267x356.webp\" media=\"(max-width: 721px)\" \/><img decoding=\"async\" src=\"https:\/\/media.tycsports.com\/files\/2024\/05\/21\/720219\/franco-copalinto-formula-2-clive-masongetty-images_267x150.webp\" alt=\"Foto: F2: cronograma del GP de M\u00f3naco y hora del fin de semana\" data-src=\"https:\/\/media.tycsports.com\/files\/2024\/05\/21\/720219\/franco-copalinto-formula-2-clive-masongetty-images_267x150.webp\" \/><\/picture><\/a><\/p>\n<div class=\"watchto-text\">\n<p>&nbsp;<\/p>\n<\/div>\n<div class=\"watchto-btn-view\"><\/div>\n<\/div>\n<\/div>\n<p>&nbsp;<\/p>\n<p>El piloto argentino, que ven\u00eda de subirse en lo m\u00e1s alto del podio por primera vez esta temporada, tras<b>\u00a0<\/b>imponerse en la sprint en Imola<b>,<\/b>\u00a0larg\u00f3<b>\u00a0sexto en la sprint del circuito de Montecarlo\u00a0<\/b>durante la ma\u00f1ana de este s\u00e1bado.<\/p>\n<p><span style=\"color: #000000;\">El\u00a0oriundo de Pilar consigui\u00f3 escalar un puesto\u00a0y fue all\u00ed donde se mantuvo durante la carrera, que tuvo varios accidentes que provocaron que se interrumpa. Ni bien arranc\u00f3, en la primera curva\u00a0V\u00edctor Martins golpe\u00f3 contra el guardarrail y no pudo seguir.<\/span><\/p>\n<p><span style=\"color: #000000;\">Luego, el espa\u00f1ol Pepe Mart\u00ed\u00a0sufri\u00f3 un choque y tambi\u00e9n provoc\u00f3 el ingreso del auto de seguridad. Sin embargo, el momento m\u00e1s tenso fue en la vuelta 24 cuando\u00a0Zane Maloney\u00a0hizo un trompo y qued\u00f3 cruzado en el circuito de M\u00f3naco por lo que la bandera en este caso fue roja.<\/span><\/p>\n<p><span style=\"color: #000000;\">Diez minutos despu\u00e9s, se pudo reanudar la competencia y Barnard pudo seguir manteniendo el liderato absoluto para ser el campe\u00f3n de esta jornada de F\u00f3rmula 2.\u00a0<\/span><\/p>\n<p>&nbsp;<\/p>\n<figure class=\"w-100\"><img decoding=\"async\" title=\"F2: Top 8 del GP de M\u00f3naco\" src=\"https:\/\/media.tycsports.com\/files\/2024\/05\/25\/721871\/f2-top-8-del-gp-de-monaco_w416.webp\" srcset=\"https:\/\/media.tycsports.com\/files\/2024\/05\/25\/721871\/f2-top-8-del-gp-de-monaco_w416.webp 480w, https:\/\/media.tycsports.com\/files\/2024\/05\/25\/721871\/f2-top-8-del-gp-de-monaco_w862.webp 1080w\" alt=\"F2: Top 8 del GP de M\u00f3naco\" data-src=\"https:\/\/media.tycsports.com\/files\/2024\/05\/25\/721871\/f2-top-8-del-gp-de-monaco_w416.webp\" data-srcset=\"https:\/\/media.tycsports.com\/files\/2024\/05\/25\/721871\/f2-top-8-del-gp-de-monaco_w416.webp 480w, https:\/\/media.tycsports.com\/files\/2024\/05\/25\/721871\/f2-top-8-del-gp-de-monaco_w862.webp 1080w\" \/><\/figure>\n<p><img loading=\"lazy\" decoding=\"async\" class=\"alignnone size-medium wp-image-9746\" src=\"https:\/\/www.sportchaco.com.ar\/wp-content\/uploads\/2024\/05\/Mosquitos-aviso-240x300.jpeg\" alt=\"\" width=\"240\" height=\"300\" srcset=\"https:\/\/www.sportchaco.com.ar\/wp-content\/uploads\/2024\/05\/Mosquitos-aviso-240x300.jpeg 240w, https:\/\/www.sportchaco.com.ar\/wp-content\/uploads\/2024\/05\/Mosquitos-aviso-819x1024.jpeg 819w, https:\/\/www.sportchaco.com.ar\/wp-content\/uploads\/2024\/05\/Mosquitos-aviso-768x960.jpeg 768w, https:\/\/www.sportchaco.com.ar\/wp-content\/uploads\/2024\/05\/Mosquitos-aviso.jpeg 1080w\" sizes=\"auto, (max-width: 240px) 100vw, 240px\" \/><\/p>\n","protected":false},"excerpt":{"rendered":"<p>25\/05\/2024\u00a0 El monegasco se qued\u00f3 con la clasificaci\u00f3n del Gran Premio de M\u00f3naco de la F\u00f3rmula 1 en el Circuito de M\u00f3naco, en lo que ser\u00e1 la octava carrera de la temporada 2024. Leclerc celebrando su triunfo en la clasificaci\u00f3n del GP de M\u00f3naco. (TyC Sportss) Tras el Gran Premio de Imola donde Max Verstappen &hellip;<\/p>\n","protected":false},"author":2,"featured_media":9805,"comment_status":"open","ping_status":"open","sticky":false,"template":"","format":"standard","meta":{"footnotes":""},"categories":[2],"tags":[],"class_list":["post-9804","post","type-post","status-publish","format-standard","has-post-thumbnail","hentry","category-automovilismo"],"_links":{"self":[{"href":"https:\/\/www.sportchaco.com.ar\/index.php?rest_route=\/wp\/v2\/posts\/9804","targetHints":{"allow":["GET"]}}],"collection":[{"href":"https:\/\/www.sportchaco.com.ar\/index.php?rest_route=\/wp\/v2\/posts"}],"about":[{"href":"https:\/\/www.sportchaco.com.ar\/index.php?rest_route=\/wp\/v2\/types\/post"}],"author":[{"embeddable":true,"href":"https:\/\/www.sportchaco.com.ar\/index.php?rest_route=\/wp\/v2\/users\/2"}],"replies":[{"embeddable":true,"href":"https:\/\/www.sportchaco.com.ar\/index.php?rest_route=%2Fwp%2Fv2%2Fcomments&post=9804"}],"version-history":[{"count":2,"href":"https:\/\/www.sportchaco.com.ar\/index.php?rest_route=\/wp\/v2\/posts\/9804\/revisions"}],"predecessor-version":[{"id":10232,"href":"https:\/\/www.sportchaco.com.ar\/index.php?rest_route=\/wp\/v2\/posts\/9804\/revisions\/10232"}],"wp:featuredmedia":[{"embeddable":true,"href":"https:\/\/www.sportchaco.com.ar\/index.php?rest_route=\/wp\/v2\/media\/9805"}],"wp:attachment":[{"href":"https:\/\/www.sportchaco.com.ar\/index.php?rest_route=%2Fwp%2Fv2%2Fmedia&parent=9804"}],"wp:term":[{"taxonomy":"category","embeddable":true,"href":"https:\/\/www.sportchaco.com.ar\/index.php?rest_route=%2Fwp%2Fv2%2Fcategories&post=9804"},{"taxonomy":"post_tag","embeddable":true,"href":"https:\/\/www.sportchaco.com.ar\/index.php?rest_route=%2Fwp%2Fv2%2Ftags&post=9804"}],"curies":[{"name":"wp","href":"https:\/\/api.w.org\/{rel}","templated":true}]}}