{"id":9807,"date":"2024-05-25T19:21:25","date_gmt":"2024-05-25T22:21:25","guid":{"rendered":"https:\/\/www.sportchaco.com.ar\/?p=9807"},"modified":"2024-05-25T19:21:25","modified_gmt":"2024-05-25T22:21:25","slug":"el-mundo-gira-y-gira-con-el-deporte","status":"publish","type":"post","link":"https:\/\/www.sportchaco.com.ar\/?p=9807","title":{"rendered":"El mundo gira y gira con el deporte"},"content":{"rendered":"<div class=\"Pos(r) D(f)\">\n<div class=\"D(f) Fld(c) Fxg(1) Miw(0)\">\n<h3 class=\"LineClamp(2,2.6em) Mend(50px) Mb(4px) Lh(1.33) Fz(18px) Fz(16px)--maw1024 Fw(b) stream-item-title\" data-test-locator=\"stream-item-title\">Foto portada de Leverkusen campe\u00f3n de la Copa de Alemania<\/h3>\n<h3 class=\"LineClamp(2,2.6em) Mend(50px) Mb(4px) Lh(1.33) Fz(18px) Fz(16px)--maw1024 Fw(b) stream-item-title\" data-test-locator=\"stream-item-title\"><a class=\"stream-title D(b) Td(n) Td(n):f C(--batcave) C($streamBrandHoverClass):h C($streamBrandHoverClass):fv\" href=\"https:\/\/es-us.noticias.yahoo.com\/deportes\/leverkusen-xabi-alonso-deja-escapar-203746465.html\" data-uuid=\"6005ef6f-867f-3390-9ed5-f08f8a587356\" data-wf-caas-prefetch=\"0\" data-wf-caas-uuid=\"6005ef6f-867f-3390-9ed5-f08f8a587356\" data-ylk=\"itc:0;elm:hdln;elmt:ct;bpos:2;cpos:15;cposy:20;p_sys:jarvis;rspns:nav;t1:a3;t2:strm;t3:ct;ccode:ntk_assetlist_unified__es-US__news__default__default__desktop__ga__noSplit;ct:story;g:6005ef6f-867f-3390-9ed5-f08f8a587356;grpt:singlestory;pkgt:orphan_img;pos:1;cnt_tpc:Sports;slk:El Leverkusen de Xabi Alonso no deja escapar el doblete Bundesliga-Copa;\" data-rapid_p=\"22\" data-v9y=\"1\">El Leverkusen de Xabi Alonso no deja escapar el doblete Bundesliga-Copa<u class=\"StretchedBox\"><\/u><\/a><\/h3>\n<p class=\"finance-ticker-fetch-success_D(n) LineClamp(2,40px) sub-upsell-fetch-success_D(n) Fz(14px) Lh(1.43) C(--batcave) Mb(4px) Mend(50px) Mt(2px) Bxz(bb) Wob($break-word)\" data-test-locator=\"stream-item-summary\">El Bayer Leverkusen, campe\u00f3n de Alemania desde mediados de abril con Xabi Alonso al frente, domin\u00f3 al Kaiserslautern, de la segunda divisi\u00f3n, por 1-0 en la final de la Copa, este s\u00e1bado en Berl\u00edn, firmando el doblete de t\u00edtulos nacionales.A pesar de su inferioridad num\u00e9rica, el Leverkusen tuvo las mejores ocasiones en los \u00faltimos 20 minutos frente a un Kaiserslautern agotado.<\/p>\n<div class=\"Fz(12px) D(f) Ai(c) C(--battleship)\"><\/div>\n<\/div>\n<\/div>\n<ul class=\"List(n) grid-layout stream-grid P(0) stream-items init-visited\" data-test-locator=\"stream-items\" data-test-rid=\"1d06i4dj54o0a\">\n<li class=\"stream-item js-stream-content Bgc(t) Pos(r) Mb(24px)\" data-uuid=\"b7139765-3e6e-35cd-bf0c-2c1ec30c77cc\" data-cpos=\"3\" data-cposy=\"8\" data-i13n-cfg=\"{&quot;bpos&quot;:1,&quot;categoryLabel&quot;:&quot;Sports&quot;,&quot;cpos&quot;:3,&quot;cposy&quot;:8}\" data-test-locator=\"stream-item\">\n<div class=\"Pos(r) D(f)\">\n<div class=\"Mend(20px) Flxb(1) Pos(r)\"><a class=\"H(0) T(0px) Bdrs(8px) Start(0) D(b) Td(n) W(268px) Ov(h)\" tabindex=\"-1\" href=\"https:\/\/es-us.noticias.yahoo.com\/river-preocupante-demichelis-argentinos-empeor%C3%B3-211155027.html\" data-test-locator=\"stream-item-image\" data-ylk=\"itc:0;elm:img;elmt:ct;imgt:ss;bpos:1;cpos:3;cposy:8;p_sys:jarvis;rspns:nav;t1:a3;t2:strm;t3:ct;ccode:ntk_assetlist_unified__es-US__news__default__default__desktop__ga__noSplit;ct:story;g:b7139765-3e6e-35cd-bf0c-2c1ec30c77cc;grpt:singlestory;pkgt:orphan_img;pos:1;cnt_tpc:Sports;slk:River en su momento m\u00e1s preocupante de la era Demichelis: ante Argentinos empeor\u00f3 lo que ya era malo;\" aria-hidden=\"true\" data-rapid_p=\"3\" data-v9y=\"1\"><img loading=\"lazy\" decoding=\"async\" class=\"\" src=\"https:\/\/s.yimg.com\/uu\/api\/res\/1.2\/exEZPXIL0lLiet_4T96jpQ--~B\/Zmk9c3RyaW07aD0yODQ7cT04MDt3PTUzNjthcHBpZD15dGFjaHlvbg--\/https:\/\/media.zenfs.com\/es\/lanacion.com.ar\/8e01426482833b677f8b7b6461111097.cf.webp\" alt=\"\" width=\"268\" height=\"142\" data-test-locator=\"stream-item-image\" \/><\/a><\/div>\n<div class=\"D(f) Fld(c) Fxg(1) Miw(0)\">\n<div class=\"Fz(12px) D(f) C(--battleship) Mb(4px)\"><a class=\"stream-title D(b) Td(n) Td(n):f C(--batcave) C($streamBrandHoverClass):h C($streamBrandHoverClass):fv\" href=\"https:\/\/es-us.noticias.yahoo.com\/river-preocupante-demichelis-argentinos-empeor%C3%B3-211155027.html\" data-uuid=\"b7139765-3e6e-35cd-bf0c-2c1ec30c77cc\" data-wf-caas-prefetch=\"0\" data-wf-caas-uuid=\"b7139765-3e6e-35cd-bf0c-2c1ec30c77cc\" data-ylk=\"itc:0;elm:hdln;elmt:ct;bpos:1;cpos:3;cposy:8;p_sys:jarvis;rspns:nav;t1:a3;t2:strm;t3:ct;ccode:ntk_assetlist_unified__es-US__news__default__default__desktop__ga__noSplit;ct:story;g:b7139765-3e6e-35cd-bf0c-2c1ec30c77cc;grpt:singlestory;pkgt:orphan_img;pos:1;cnt_tpc:Sports;slk:River en su momento m\u00e1s preocupante de la era Demichelis: ante Argentinos empeor\u00f3 lo que ya era malo;\" data-rapid_p=\"4\" data-v9y=\"1\">River en su momento m\u00e1s preocupante de la era Demichelis: ante Argentinos empeor\u00f3 lo que ya era malo<u class=\"StretchedBox\"><\/u><\/a><\/div>\n<div><\/div>\n<p class=\"finance-ticker-fetch-success_D(n) LineClamp(2,40px) sub-upsell-fetch-success_D(n) Fz(14px) Lh(1.43) C(--batcave) Mb(4px) Mend(50px) Mt(2px) Bxz(bb) Wob($break-word)\" data-test-locator=\"stream-item-summary\">La derrota por 1-0 en La Paternal entreg\u00f3 se\u00f1ales muy negativas; no hubo una reacci\u00f3n positiva tras la eliminaci\u00f3n de la Copa Argentina<\/p>\n<div class=\"Fz(12px) D(f) Ai(c) C(--battleship)\"><\/div>\n<\/div>\n<\/div>\n<div class=\"drawer-fetch-boundary Pos(r)\">\n<div class=\"drawer-adfeedback-wrapper-b7139765-3e6e-35cd-bf0c-2c1ec30c77cc\"><\/div>\n<div class=\"adfeedback-dialog\"><\/div>\n<\/div>\n<div class=\"Pos(r) D(f)\">\n<div class=\"Mend(20px) Flxb(1) Pos(r)\"><a class=\"H(0) T(0px) Bdrs(8px) Start(0) D(b) Td(n) W(268px) Ov(h)\" tabindex=\"-1\" href=\"https:\/\/es-us.noticias.yahoo.com\/deportes\/bernab%C3%A9u-adi%C3%B3s-grande-kroos-real-214223077.html\" data-test-locator=\"stream-item-image\" data-ylk=\"itc:0;elm:img;elmt:ct;imgt:ss;bpos:1;cpos:4;cposy:9;p_sys:jarvis;rspns:nav;t1:a3;t2:strm;t3:ct;ccode:ntk_assetlist_unified__es-US__news__default__default__desktop__ga__noSplit;ct:story;g:f645a78a-b7c5-3298-ac1d-f19bfb7a41f6;grpt:singlestory;pkgt:orphan_img;pos:1;cnt_tpc:Sports;slk:El Bernab\u00e9u dice adi\u00f3s a lo grande a Kroos, Real Madrid empata ante Betis;\" aria-hidden=\"true\" data-rapid_p=\"5\" data-v9y=\"1\"><img loading=\"lazy\" decoding=\"async\" class=\"\" src=\"https:\/\/s.yimg.com\/uu\/api\/res\/1.2\/udqJDwMxJMWohMbsyHf59g--~B\/Zmk9c3RyaW07aD0yODQ7cT04MDt3PTUzNjthcHBpZD15dGFjaHlvbg--\/https:\/\/media.zenfs.com\/es\/es.afp.com\/58c69e4ae27af5a5fac19ec2defac5f3.cf.webp\" alt=\"\" width=\"268\" height=\"142\" data-test-locator=\"stream-item-image\" \/><\/a><\/div>\n<div class=\"D(f) Fld(c) Fxg(1) Miw(0)\">\n<div class=\"Fz(12px) D(f) C(--battleship) Mb(4px)\"><\/div>\n<h3 class=\"LineClamp(2,2.6em) Mend(50px) Mb(4px) Lh(1.33) Fz(18px) Fz(16px)--maw1024 Fw(b) stream-item-title\" data-test-locator=\"stream-item-title\"><a class=\"stream-title D(b) Td(n) Td(n):f C(--batcave) C($streamBrandHoverClass):h C($streamBrandHoverClass):fv\" href=\"https:\/\/es-us.noticias.yahoo.com\/deportes\/bernab%C3%A9u-adi%C3%B3s-grande-kroos-real-214223077.html\" data-uuid=\"f645a78a-b7c5-3298-ac1d-f19bfb7a41f6\" data-wf-caas-prefetch=\"0\" data-wf-caas-uuid=\"f645a78a-b7c5-3298-ac1d-f19bfb7a41f6\" data-ylk=\"itc:0;elm:hdln;elmt:ct;bpos:1;cpos:4;cposy:9;p_sys:jarvis;rspns:nav;t1:a3;t2:strm;t3:ct;ccode:ntk_assetlist_unified__es-US__news__default__default__desktop__ga__noSplit;ct:story;g:f645a78a-b7c5-3298-ac1d-f19bfb7a41f6;grpt:singlestory;pkgt:orphan_img;pos:1;cnt_tpc:Sports;slk:El Bernab\u00e9u dice adi\u00f3s a lo grande a Kroos, Real Madrid empata ante Betis;\" data-rapid_p=\"6\" data-v9y=\"1\">El Bernab\u00e9u dice adi\u00f3s a lo grande a Kroos, Real Madrid empata ante Betis<u class=\"StretchedBox\"><\/u><\/a><\/h3>\n<p class=\"finance-ticker-fetch-success_D(n) LineClamp(2,40px) sub-upsell-fetch-success_D(n) Fz(14px) Lh(1.43) C(--batcave) Mb(4px) Mend(50px) Mt(2px) Bxz(bb) Wob($break-word)\" data-test-locator=\"stream-item-summary\">Ya campe\u00f3n de Espa\u00f1a y a una semana de jugar la final de la Liga de Campeones, el Real Madrid concedi\u00f3 un empate sin goles frente al Betis en el Santiago Bernab\u00e9u, en la emocionante despedida del estadio blanco a Toni Kroos, que esta semana anunci\u00f3 su retirada al final del curso.El tim\u00f3n del juego del Real Madrid se despidi\u00f3 a lo grande del estadio blanco.<\/p>\n<div class=\"Fz(12px) D(f) Ai(c) C(--battleship)\"><\/div>\n<\/div>\n<\/div>\n<div class=\"drawer-fetch-boundary Pos(r)\">\n<div class=\"drawer-adfeedback-wrapper-f645a78a-b7c5-3298-ac1d-f19bfb7a41f6\"><\/div>\n<div class=\"adfeedback-dialog\"><\/div>\n<\/div>\n<div class=\"D(f) Fld(c) Fxg(1) Miw(0)\">\n<h3 class=\"LineClamp(2,2.6em) Mend(50px) Mb(4px) Lh(1.33) Fz(18px) Fz(16px)--maw1024 Fw(b) stream-item-title\" data-test-locator=\"stream-item-title\"><\/h3>\n<\/div>\n<div class=\"Pos(r) D(f)\">\n<div class=\"Mend(20px) Flxb(1) Pos(r)\"><a class=\"H(0) T(0px) Bdrs(8px) Start(0) D(b) Td(n) W(268px) Ov(h)\" tabindex=\"-1\" href=\"https:\/\/es-us.noticias.yahoo.com\/deportes\/juventus-termina-podio-giroud-despide-210216838.html\" data-test-locator=\"stream-item-image\" data-ylk=\"itc:0;elm:img;elmt:ct;imgt:ss;bpos:1;cpos:6;cposy:11;p_sys:jarvis;rspns:nav;t1:a3;t2:strm;t3:ct;ccode:ntk_assetlist_unified__es-US__news__default__default__desktop__ga__noSplit;ct:story;g:e395e32b-5ed1-3a78-b13b-bd7718567c71;grpt:singlestory;pkgt:orphan_img;pos:1;cnt_tpc:Sports;slk:La Juventus termina en el podio, Giroud se despide con gol del Milan;\" aria-hidden=\"true\" data-rapid_p=\"7\" data-v9y=\"1\"><img loading=\"lazy\" decoding=\"async\" src=\"https:\/\/s.yimg.com\/uu\/api\/res\/1.2\/coCXybkldBQkxN7aeYZJOg--~B\/Zmk9c3RyaW07aD0yODQ7cT04MDt3PTUzNjthcHBpZD15dGFjaHlvbg--\/https:\/\/media.zenfs.com\/es\/es.afp.com\/8bac2055f2b6daf5ec805a5be6149c60.cf.webp\" alt=\"\" width=\"268\" height=\"142\" data-test-locator=\"stream-item-image\" \/><\/a><\/div>\n<div class=\"D(f) Fld(c) Fxg(1) Miw(0)\">\n<div class=\"Fz(12px) D(f) C(--battleship) Mb(4px)\"><strong class=\"Tt(c) Fw(500) Whs(nw) C(--solo-cup)\" data-test-locator=\"stream-item-category-label\">Deportes<\/strong><span class=\"Mx(8px) Fw(500)\" aria-hidden=\"true\">\u00b7<\/span><span class=\"Ell\" data-test-locator=\"stream-item-publisher\">AFP<\/span><\/div>\n<h3 class=\"LineClamp(2,2.6em) Mend(50px) Mb(4px) Lh(1.33) Fz(18px) Fz(16px)--maw1024 Fw(b) stream-item-title\" data-test-locator=\"stream-item-title\"><a class=\"stream-title D(b) Td(n) Td(n):f C(--batcave) C($streamBrandHoverClass):h C($streamBrandHoverClass):fv\" href=\"https:\/\/es-us.noticias.yahoo.com\/deportes\/juventus-termina-podio-giroud-despide-210216838.html\" data-uuid=\"e395e32b-5ed1-3a78-b13b-bd7718567c71\" data-wf-caas-prefetch=\"0\" data-wf-caas-uuid=\"e395e32b-5ed1-3a78-b13b-bd7718567c71\" data-ylk=\"itc:0;elm:hdln;elmt:ct;bpos:1;cpos:6;cposy:11;p_sys:jarvis;rspns:nav;t1:a3;t2:strm;t3:ct;ccode:ntk_assetlist_unified__es-US__news__default__default__desktop__ga__noSplit;ct:story;g:e395e32b-5ed1-3a78-b13b-bd7718567c71;grpt:singlestory;pkgt:orphan_img;pos:1;cnt_tpc:Sports;slk:La Juventus termina en el podio, Giroud se despide con gol del Milan;\" data-rapid_p=\"8\" data-v9y=\"1\">La Juventus termina en el podio, Giroud se despide con gol del Milan<u class=\"StretchedBox\"><\/u><\/a><\/h3>\n<p class=\"finance-ticker-fetch-success_D(n) LineClamp(2,40px) sub-upsell-fetch-success_D(n) Fz(14px) Lh(1.43) C(--batcave) Mb(4px) Mend(50px) Mt(2px) Bxz(bb) Wob($break-word)\" data-test-locator=\"stream-item-summary\">La Juventus termin\u00f3 su temporada 2023-2024 con el tercer puesto en la Serie A, gracias a su primera victoria liguera desde abril, este s\u00e1bado ante el Monza (2-0) en la 38\u00aa y \u00faltima jornada.Con 71 puntos, la Juventus pasa en esta \u00faltima jornada del cuarto al tercer puesto, aprovechando que el Bolonia (ahora 4\u00ba, 68) cay\u00f3 el viernes 2-0 en el campo del G\u00e9nova.<\/p>\n<div class=\"Fz(12px) D(f) Ai(c) C(--battleship)\"><\/div>\n<\/div>\n<\/div>\n<div class=\"drawer-fetch-boundary Pos(r)\">\n<div class=\"drawer-adfeedback-wrapper-e395e32b-5ed1-3a78-b13b-bd7718567c71\"><\/div>\n<div class=\"adfeedback-dialog\"><\/div>\n<\/div>\n<\/li>\n<li class=\"stream-item js-stream-content Bgc(t) Pos(r) Mb(24px)\" data-uuid=\"e1c4258a-4dec-36f3-a1c5-d0f64047852b\" data-cpos=\"24\" data-cposy=\"29\" data-i13n-cfg=\"{&quot;bpos&quot;:3,&quot;categoryLabel&quot;:&quot;Sports&quot;,&quot;cpos&quot;:24,&quot;cposy&quot;:29}\" data-test-locator=\"stream-item\">\n<div class=\"Pos(r) D(f)\">\n<div class=\"D(f) Fld(c) Fxg(1) Miw(0)\">\n<h3 class=\"LineClamp(2,2.6em) Mend(50px) Mb(4px) Lh(1.33) Fz(18px) Fz(16px)--maw1024 Fw(b) stream-item-title\" data-test-locator=\"stream-item-title\"><\/h3>\n<\/div>\n<\/div>\n<\/li>\n<li class=\"stream-item js-stream-content Bgc(t) Pos(r) Mb(24px)\" data-uuid=\"7b5dc144-ab8b-32c5-a54e-a96833c5880d\" data-cpos=\"7\" data-cposy=\"12\" data-i13n-cfg=\"{&quot;bpos&quot;:1,&quot;categoryLabel&quot;:&quot;Sports&quot;,&quot;cpos&quot;:7,&quot;cposy&quot;:12}\" data-test-locator=\"stream-item\">\n<div class=\"Pos(r) D(f)\">\n<div class=\"Mend(20px) Flxb(1) Pos(r)\"><a class=\"H(0) T(0px) Bdrs(8px) Start(0) D(b) Td(n) W(268px) Ov(h)\" tabindex=\"-1\" href=\"https:\/\/es-us.noticias.yahoo.com\/deportes\/mbapp%C3%A9-adi%C3%B3s-psg-doblete-franc%C3%A9s-213948616.html\" data-test-locator=\"stream-item-image\" data-ylk=\"itc:0;elm:img;elmt:ct;imgt:ss;bpos:1;cpos:7;cposy:12;p_sys:jarvis;rspns:nav;t1:a3;t2:strm;t3:ct;ccode:ntk_assetlist_unified__es-US__news__default__default__desktop__ga__noSplit;ct:story;g:7b5dc144-ab8b-32c5-a54e-a96833c5880d;grpt:singlestory;pkgt:orphan_img;pos:1;cnt_tpc:Sports;slk:Mbapp\u00e9 dice adi\u00f3s al PSG con el doblete franc\u00e9s;\" aria-hidden=\"true\" data-rapid_p=\"9\" data-v9y=\"1\"><img loading=\"lazy\" decoding=\"async\" src=\"https:\/\/s.yimg.com\/uu\/api\/res\/1.2\/S6.IYMtfAJZbJ7mOSHGZfA--~B\/Zmk9c3RyaW07aD0yODQ7cT04MDt3PTUzNjthcHBpZD15dGFjaHlvbg--\/https:\/\/media.zenfs.com\/es\/es.afp.com\/e785b0a11bd8a2e07fdcdbe043cec9c5.cf.webp\" alt=\"\" width=\"268\" height=\"142\" data-test-locator=\"stream-item-image\" \/><\/a><\/div>\n<div class=\"D(f) Fld(c) Fxg(1) Miw(0)\">\n<div class=\"Fz(12px) D(f) C(--battleship) Mb(4px)\"><\/div>\n<h3 class=\"LineClamp(2,2.6em) Mend(50px) Mb(4px) Lh(1.33) Fz(18px) Fz(16px)--maw1024 Fw(b) stream-item-title\" data-test-locator=\"stream-item-title\"><a class=\"stream-title D(b) Td(n) Td(n):f C(--batcave) C($streamBrandHoverClass):h C($streamBrandHoverClass):fv\" href=\"https:\/\/es-us.noticias.yahoo.com\/deportes\/mbapp%C3%A9-adi%C3%B3s-psg-doblete-franc%C3%A9s-213948616.html\" data-uuid=\"7b5dc144-ab8b-32c5-a54e-a96833c5880d\" data-wf-caas-prefetch=\"0\" data-wf-caas-uuid=\"7b5dc144-ab8b-32c5-a54e-a96833c5880d\" data-ylk=\"itc:0;elm:hdln;elmt:ct;bpos:1;cpos:7;cposy:12;p_sys:jarvis;rspns:nav;t1:a3;t2:strm;t3:ct;ccode:ntk_assetlist_unified__es-US__news__default__default__desktop__ga__noSplit;ct:story;g:7b5dc144-ab8b-32c5-a54e-a96833c5880d;grpt:singlestory;pkgt:orphan_img;pos:1;cnt_tpc:Sports;slk:Mbapp\u00e9 dice adi\u00f3s al PSG con el doblete franc\u00e9s;\" data-rapid_p=\"10\" data-v9y=\"1\">Mbapp\u00e9 dice adi\u00f3s al PSG con el doblete franc\u00e9s<u class=\"StretchedBox\"><\/u><\/a><\/h3>\n<p class=\"finance-ticker-fetch-success_D(n) LineClamp(2,40px) sub-upsell-fetch-success_D(n) Fz(14px) Lh(1.43) C(--batcave) Mb(4px) Mend(50px) Mt(2px) Bxz(bb) Wob($break-word)\" data-test-locator=\"stream-item-summary\">El Par\u00eds Saint-Germain, en el \u00faltimo partido de Kylian Mbapp\u00e9 con su camiseta, conquist\u00f3 la Copa de Francia al derrotar 2-1 al Lyon, este s\u00e1bado en una final disputada en Lille.Esta final de Copa se disput\u00f3 en el estadio de Villeneuve d&#8217;Ascq, cerca de Lille, debido a que el escenario habitual del partido, el Estadio de Francia de Saint-Denis, en la periferia norte de Par\u00eds, est\u00e1 en plenos preparativos para los Juegos Ol\u00edmpicos.<\/p>\n<div class=\"Fz(12px) D(f) Ai(c) C(--battleship)\"><\/div>\n<\/div>\n<\/div>\n<div class=\"drawer-fetch-boundary Pos(r)\">\n<div class=\"drawer-adfeedback-wrapper-7b5dc144-ab8b-32c5-a54e-a96833c5880d\"><\/div>\n<div class=\"adfeedback-dialog\"><\/div>\n<\/div>\n<div class=\"D(f) Fld(c) Fxg(1) Miw(0)\">\n<h3 class=\"LineClamp(2,2.6em) Mend(50px) Mb(4px) Lh(1.33) Fz(18px) Fz(16px)--maw1024 Fw(b) stream-item-title\" data-test-locator=\"stream-item-title\"><\/h3>\n<\/div>\n<\/li>\n<li class=\"stream-item js-stream-content Bgc(t) Pos(r) Mb(24px)\" data-uuid=\"34a308f6-0b0d-3583-a0f5-24f87dce7f9e\" data-cpos=\"8\" data-cposy=\"13\" data-i13n-cfg=\"{&quot;bpos&quot;:1,&quot;categoryLabel&quot;:&quot;Sports&quot;,&quot;cpos&quot;:8,&quot;cposy&quot;:13}\" data-test-locator=\"stream-item\">\n<div class=\"Pos(r) D(f)\">\n<div class=\"Mend(20px) Flxb(1) Pos(r)\"><a class=\"H(0) T(0px) Bdrs(8px) Start(0) D(b) Td(n) W(268px) Ov(h)\" tabindex=\"-1\" href=\"https:\/\/es-us.noticias.yahoo.com\/muri%C3%B3-golfista-grayson-murray-retirarse-213832786.html\" data-test-locator=\"stream-item-image\" data-ylk=\"itc:0;elm:img;elmt:ct;imgt:ss;bpos:1;cpos:8;cposy:13;p_sys:jarvis;rspns:nav;t1:a3;t2:strm;t3:ct;ccode:ntk_assetlist_unified__es-US__news__default__default__desktop__ga__noSplit;ct:story;g:34a308f6-0b0d-3583-a0f5-24f87dce7f9e;grpt:singlestory;pkgt:orphan_img;pos:1;cnt_tpc:Sports;slk:Muri\u00f3 el golfista Grayson Murray tras retirarse de un torneo del PGA Tour en Fort Worth, Texas;\" aria-hidden=\"true\" data-rapid_p=\"11\" data-v9y=\"1\"><img loading=\"lazy\" decoding=\"async\" src=\"https:\/\/s.yimg.com\/uu\/api\/res\/1.2\/bTTlwfN4o2YWSzncf7LAnw--~B\/Zmk9c3RyaW07aD0yODQ7cT04MDt3PTUzNjthcHBpZD15dGFjaHlvbg--\/https:\/\/media.zenfs.com\/es\/lanacion.com.ar\/a53186fc556730a22a5f4d013e9a8d32.cf.webp\" alt=\"\" width=\"268\" height=\"142\" data-test-locator=\"stream-item-image\" \/><\/a><\/div>\n<div class=\"D(f) Fld(c) Fxg(1) Miw(0)\">\n<div class=\"Fz(12px) D(f) C(--battleship) Mb(4px)\"><\/div>\n<h3 class=\"LineClamp(2,2.6em) Mend(50px) Mb(4px) Lh(1.33) Fz(18px) Fz(16px)--maw1024 Fw(b) stream-item-title\" data-test-locator=\"stream-item-title\"><a class=\"stream-title D(b) Td(n) Td(n):f C(--batcave) C($streamBrandHoverClass):h C($streamBrandHoverClass):fv\" href=\"https:\/\/es-us.noticias.yahoo.com\/muri%C3%B3-golfista-grayson-murray-retirarse-213832786.html\" data-uuid=\"34a308f6-0b0d-3583-a0f5-24f87dce7f9e\" data-wf-caas-prefetch=\"0\" data-wf-caas-uuid=\"34a308f6-0b0d-3583-a0f5-24f87dce7f9e\" data-ylk=\"itc:0;elm:hdln;elmt:ct;bpos:1;cpos:8;cposy:13;p_sys:jarvis;rspns:nav;t1:a3;t2:strm;t3:ct;ccode:ntk_assetlist_unified__es-US__news__default__default__desktop__ga__noSplit;ct:story;g:34a308f6-0b0d-3583-a0f5-24f87dce7f9e;grpt:singlestory;pkgt:orphan_img;pos:1;cnt_tpc:Sports;slk:Muri\u00f3 el golfista Grayson Murray tras retirarse de un torneo del PGA Tour en Fort Worth, Texas;\" data-rapid_p=\"12\" data-v9y=\"1\">Muri\u00f3 el golfista Grayson Murray tras retirarse de un torneo del PGA Tour en Fort Worth, Texas<u class=\"StretchedBox\"><\/u><\/a><\/h3>\n<p class=\"finance-ticker-fetch-success_D(n) LineClamp(2,40px) sub-upsell-fetch-success_D(n) Fz(14px) Lh(1.43) C(--batcave) Mb(4px) Mend(50px) Mt(2px) Bxz(bb) Wob($break-word)\" data-test-locator=\"stream-item-summary\">El m\u00e1ximo circuito no especific\u00f3 las causas de la muerte; hab\u00eda ganado el segundo de sus dos t\u00edtulos en enero pasado, en Hawaii<\/p>\n<div class=\"Fz(12px) D(f) Ai(c) C(--battleship)\"><\/div>\n<\/div>\n<\/div>\n<div class=\"drawer-fetch-boundary Pos(r)\">\n<div class=\"drawer-adfeedback-wrapper-34a308f6-0b0d-3583-a0f5-24f87dce7f9e\"><\/div>\n<div class=\"adfeedback-dialog\"><\/div>\n<\/div>\n<\/li>\n<li class=\"stream-item js-stream-content Bgc(t) Pos(r) Mb(24px)\" data-uuid=\"e1c4258a-4dec-36f3-a1c5-d0f64047852b\" data-cpos=\"24\" data-cposy=\"29\" data-i13n-cfg=\"{&quot;bpos&quot;:3,&quot;categoryLabel&quot;:&quot;Sports&quot;,&quot;cpos&quot;:24,&quot;cposy&quot;:29}\" data-test-locator=\"stream-item\">\n<div class=\"Pos(r) D(f)\">\n<div class=\"D(f) Fld(c) Fxg(1) Miw(0)\">\n<h3 class=\"LineClamp(2,2.6em) Mend(50px) Mb(4px) Lh(1.33) Fz(18px) Fz(16px)--maw1024 Fw(b) stream-item-title\" data-test-locator=\"stream-item-title\"><\/h3>\n<\/div>\n<\/div>\n<\/li>\n<li class=\"stream-item js-stream-content Bgc(t) Pos(r) Mb(24px)\" data-uuid=\"ab81d660-48e7-371c-af07-09d398814997\" data-cpos=\"10\" data-cposy=\"15\" data-i13n-cfg=\"{&quot;bpos&quot;:1,&quot;categoryLabel&quot;:&quot;Sports&quot;,&quot;cpos&quot;:10,&quot;cposy&quot;:15}\" data-test-locator=\"stream-item\">\n<div class=\"Pos(r) D(f)\">\n<div class=\"Mend(20px) Flxb(1) Pos(r)\"><a class=\"H(0) T(0px) Bdrs(8px) Start(0) D(b) Td(n) W(268px) Ov(h)\" tabindex=\"-1\" href=\"https:\/\/es-us.noticias.yahoo.com\/quedaron-semifinales-s%C3%BAper-rugby-am%C3%A9ricas-212903337.html\" data-test-locator=\"stream-item-image\" data-ylk=\"itc:0;elm:img;elmt:ct;imgt:ss;bpos:1;cpos:10;cposy:15;p_sys:jarvis;rspns:nav;t1:a3;t2:strm;t3:ct;ccode:ntk_assetlist_unified__es-US__news__default__default__desktop__ga__noSplit;ct:story;g:ab81d660-48e7-371c-af07-09d398814997;grpt:singlestory;pkgt:orphan_img;pos:1;cnt_tpc:Sports;slk:As\u00ed quedaron las semifinales del S\u00faper Rugby Am\u00e9ricas, tras la fecha 14;\" aria-hidden=\"true\" data-rapid_p=\"13\" data-v9y=\"1\"><img loading=\"lazy\" decoding=\"async\" src=\"https:\/\/s.yimg.com\/uu\/api\/res\/1.2\/67FOAL4HPfalRo1n4.OW0Q--~B\/Zmk9c3RyaW07aD0yODQ7cT04MDt3PTUzNjthcHBpZD15dGFjaHlvbg--\/https:\/\/media.zenfs.com\/es\/lanacion.com.ar\/4afc23b4225c247e9ab0d2c58deeff95.cf.webp\" alt=\"\" width=\"268\" height=\"142\" data-test-locator=\"stream-item-image\" \/><\/a><\/div>\n<div class=\"D(f) Fld(c) Fxg(1) Miw(0)\">\n<div class=\"Fz(12px) D(f) C(--battleship) Mb(4px)\"><\/div>\n<h3 class=\"LineClamp(2,2.6em) Mend(50px) Mb(4px) Lh(1.33) Fz(18px) Fz(16px)--maw1024 Fw(b) stream-item-title\" data-test-locator=\"stream-item-title\"><a class=\"stream-title D(b) Td(n) Td(n):f C(--batcave) C($streamBrandHoverClass):h C($streamBrandHoverClass):fv\" href=\"https:\/\/es-us.noticias.yahoo.com\/quedaron-semifinales-s%C3%BAper-rugby-am%C3%A9ricas-212903337.html\" data-uuid=\"ab81d660-48e7-371c-af07-09d398814997\" data-wf-caas-prefetch=\"0\" data-wf-caas-uuid=\"ab81d660-48e7-371c-af07-09d398814997\" data-ylk=\"itc:0;elm:hdln;elmt:ct;bpos:1;cpos:10;cposy:15;p_sys:jarvis;rspns:nav;t1:a3;t2:strm;t3:ct;ccode:ntk_assetlist_unified__es-US__news__default__default__desktop__ga__noSplit;ct:story;g:ab81d660-48e7-371c-af07-09d398814997;grpt:singlestory;pkgt:orphan_img;pos:1;cnt_tpc:Sports;slk:As\u00ed quedaron las semifinales del S\u00faper Rugby Am\u00e9ricas, tras la fecha 14;\" data-rapid_p=\"14\" data-v9y=\"1\">As\u00ed quedaron las semifinales del S\u00faper Rugby Am\u00e9ricas, tras la fecha 14<u class=\"StretchedBox\"><\/u><\/a><\/h3>\n<p class=\"finance-ticker-fetch-success_D(n) LineClamp(2,40px) sub-upsell-fetch-success_D(n) Fz(14px) Lh(1.43) C(--batcave) Mb(4px) Mend(50px) Mt(2px) Bxz(bb) Wob($break-word)\" data-test-locator=\"stream-item-summary\">Este fin de semana culmin\u00f3 la etapa regular del torneo de franquicias que ya conoc\u00eda a los cuatro mejores; termin\u00f3 de configurar el cuadro<\/p>\n<div class=\"Fz(12px) D(f) Ai(c) C(--battleship)\"><\/div>\n<\/div>\n<\/div>\n<div class=\"drawer-fetch-boundary Pos(r)\">\n<div class=\"drawer-adfeedback-wrapper-ab81d660-48e7-371c-af07-09d398814997\"><\/div>\n<div class=\"adfeedback-dialog\"><\/div>\n<\/div>\n<\/li>\n<li class=\"stream-item js-stream-content Bgc(t) Pos(r) Mb(24px)\" data-uuid=\"e1c4258a-4dec-36f3-a1c5-d0f64047852b\" data-cpos=\"24\" data-cposy=\"29\" data-i13n-cfg=\"{&quot;bpos&quot;:3,&quot;categoryLabel&quot;:&quot;Sports&quot;,&quot;cpos&quot;:24,&quot;cposy&quot;:29}\" data-test-locator=\"stream-item\">\n<div class=\"Pos(r) D(f)\">\n<div class=\"D(f) Fld(c) Fxg(1) Miw(0)\">\n<h3 class=\"LineClamp(2,2.6em) Mend(50px) Mb(4px) Lh(1.33) Fz(18px) Fz(16px)--maw1024 Fw(b) stream-item-title\" data-test-locator=\"stream-item-title\"><\/h3>\n<\/div>\n<\/div>\n<\/li>\n<li class=\"stream-item js-stream-content Bgc(t) Pos(r) Mb(24px)\" data-uuid=\"12d16653-9257-35a9-9660-c0ab191e047a\" data-cpos=\"11\" data-cposy=\"16\" data-i13n-cfg=\"{&quot;bpos&quot;:1,&quot;categoryLabel&quot;:&quot;Sports&quot;,&quot;cpos&quot;:11,&quot;cposy&quot;:16}\" data-test-locator=\"stream-item\">\n<div class=\"Pos(r) D(f)\">\n<div class=\"Mend(20px) Flxb(1) Pos(r)\"><a class=\"H(0) T(0px) Bdrs(8px) Start(0) D(b) Td(n) W(268px) Ov(h)\" tabindex=\"-1\" href=\"https:\/\/es-us.noticias.yahoo.com\/top-12-urba-sic-gan%C3%B3-212756306.html\" data-test-locator=\"stream-item-image\" data-ylk=\"itc:0;elm:img;elmt:ct;imgt:ss;bpos:1;cpos:11;cposy:16;p_sys:jarvis;rspns:nav;t1:a3;t2:strm;t3:ct;ccode:ntk_assetlist_unified__es-US__news__default__default__desktop__ga__noSplit;ct:story;g:12d16653-9257-35a9-9660-c0ab191e047a;grpt:singlestory;pkgt:orphan_img;pos:1;cnt_tpc:Sports;slk:Top 12 de URBA: SIC gan\u00f3 de arremetida y llega como l\u00edder al supercl\u00e1sico, mientras CASI empat\u00f3 con CUBA;\" aria-hidden=\"true\" data-rapid_p=\"15\" data-v9y=\"1\"><img loading=\"lazy\" decoding=\"async\" src=\"https:\/\/s.yimg.com\/uu\/api\/res\/1.2\/aQ9q2unrSrEUh_vPq9Q0rg--~B\/Zmk9c3RyaW07aD0yODQ7cT04MDt3PTUzNjthcHBpZD15dGFjaHlvbg--\/https:\/\/media.zenfs.com\/es\/lanacion.com.ar\/f3a178ac3b323e3c803988b89d29003d.cf.webp\" alt=\"\" width=\"268\" height=\"142\" data-test-locator=\"stream-item-image\" \/><\/a><\/div>\n<div class=\"D(f) Fld(c) Fxg(1) Miw(0)\">\n<div class=\"Fz(12px) D(f) C(--battleship) Mb(4px)\"><\/div>\n<div class=\"Fz(12px) D(f) Ai(c) C(--battleship)\"><\/div>\n<\/div>\n<\/div>\n<div class=\"drawer-fetch-boundary Pos(r)\"><\/div>\n<div class=\"Pos(r) D(f)\"><\/div>\n<div class=\"drawer-fetch-boundary Pos(r)\">\n<div class=\"drawer-adfeedback-wrapper-6005ef6f-867f-3390-9ed5-f08f8a587356\"><\/div>\n<div class=\"adfeedback-dialog\"><\/div>\n<\/div>\n<div class=\"D(f) Fld(c) Fxg(1) Miw(0)\">\n<h3 class=\"LineClamp(2,2.6em) Mend(50px) Mb(4px) Lh(1.33) Fz(18px) Fz(16px)--maw1024 Fw(b) stream-item-title\" data-test-locator=\"stream-item-title\">Fuente Yahoo.com<\/h3>\n<\/div>\n<p><img loading=\"lazy\" decoding=\"async\" class=\"alignnone size-medium wp-image-9746\" src=\"https:\/\/www.sportchaco.com.ar\/wp-content\/uploads\/2024\/05\/Mosquitos-aviso-240x300.jpeg\" alt=\"\" width=\"240\" height=\"300\" srcset=\"https:\/\/www.sportchaco.com.ar\/wp-content\/uploads\/2024\/05\/Mosquitos-aviso-240x300.jpeg 240w, https:\/\/www.sportchaco.com.ar\/wp-content\/uploads\/2024\/05\/Mosquitos-aviso-819x1024.jpeg 819w, https:\/\/www.sportchaco.com.ar\/wp-content\/uploads\/2024\/05\/Mosquitos-aviso-768x960.jpeg 768w, https:\/\/www.sportchaco.com.ar\/wp-content\/uploads\/2024\/05\/Mosquitos-aviso.jpeg 1080w\" sizes=\"auto, (max-width: 240px) 100vw, 240px\" \/><\/p>\n<div class=\"Pos(r) D(f)\">\n<div class=\"D(f) Fld(c) Fxg(1) Miw(0)\"><\/div>\n<\/div>\n<\/li>\n<\/ul>\n","protected":false},"excerpt":{"rendered":"<p>Foto portada de Leverkusen campe\u00f3n de la Copa de Alemania El Leverkusen de Xabi Alonso no deja escapar el doblete Bundesliga-Copa El Bayer Leverkusen, campe\u00f3n de Alemania desde mediados de abril con Xabi Alonso al frente, domin\u00f3 al Kaiserslautern, de la segunda divisi\u00f3n, por 1-0 en la final de la Copa, este s\u00e1bado en Berl\u00edn, &hellip;<\/p>\n","protected":false},"author":2,"featured_media":9808,"comment_status":"open","ping_status":"open","sticky":false,"template":"","format":"standard","meta":{"footnotes":""},"categories":[44],"tags":[],"class_list":["post-9807","post","type-post","status-publish","format-standard","has-post-thumbnail","hentry","category-varios"],"_links":{"self":[{"href":"https:\/\/www.sportchaco.com.ar\/index.php?rest_route=\/wp\/v2\/posts\/9807","targetHints":{"allow":["GET"]}}],"collection":[{"href":"https:\/\/www.sportchaco.com.ar\/index.php?rest_route=\/wp\/v2\/posts"}],"about":[{"href":"https:\/\/www.sportchaco.com.ar\/index.php?rest_route=\/wp\/v2\/types\/post"}],"author":[{"embeddable":true,"href":"https:\/\/www.sportchaco.com.ar\/index.php?rest_route=\/wp\/v2\/users\/2"}],"replies":[{"embeddable":true,"href":"https:\/\/www.sportchaco.com.ar\/index.php?rest_route=%2Fwp%2Fv2%2Fcomments&post=9807"}],"version-history":[{"count":2,"href":"https:\/\/www.sportchaco.com.ar\/index.php?rest_route=\/wp\/v2\/posts\/9807\/revisions"}],"predecessor-version":[{"id":9895,"href":"https:\/\/www.sportchaco.com.ar\/index.php?rest_route=\/wp\/v2\/posts\/9807\/revisions\/9895"}],"wp:featuredmedia":[{"embeddable":true,"href":"https:\/\/www.sportchaco.com.ar\/index.php?rest_route=\/wp\/v2\/media\/9808"}],"wp:attachment":[{"href":"https:\/\/www.sportchaco.com.ar\/index.php?rest_route=%2Fwp%2Fv2%2Fmedia&parent=9807"}],"wp:term":[{"taxonomy":"category","embeddable":true,"href":"https:\/\/www.sportchaco.com.ar\/index.php?rest_route=%2Fwp%2Fv2%2Fcategories&post=9807"},{"taxonomy":"post_tag","embeddable":true,"href":"https:\/\/www.sportchaco.com.ar\/index.php?rest_route=%2Fwp%2Fv2%2Ftags&post=9807"}],"curies":[{"name":"wp","href":"https:\/\/api.w.org\/{rel}","templated":true}]}}