{"id":9871,"date":"2024-05-27T10:23:30","date_gmt":"2024-05-27T13:23:30","guid":{"rendered":"https:\/\/www.sportchaco.com.ar\/?p=9871"},"modified":"2024-05-27T12:11:32","modified_gmt":"2024-05-27T15:11:32","slug":"leclerc-festjeo-por-primera-vez-en-las-calles-de-monaco","status":"publish","type":"post","link":"https:\/\/www.sportchaco.com.ar\/?p=9871","title":{"rendered":"Leclerc festej\u00f3 por primera vez en las calles de M\u00f3naco"},"content":{"rendered":"<header class=\"caas-header\">\n<div class=\"caas-title-wrapper\">\n<h1 id=\"caas-lead-header-88a9d594-5afe-4ec5-9af6-2ac126d7e488\" data-test-locator=\"headline\">OTOS | L<span style=\"color: #000000;\">eclerc saborea la gloria al triunfar en casa y, como manda la tradici\u00f3n, con zambullida incluida<\/span><\/h1>\n<\/div>\n<\/header>\n<div class=\"caas-content-byline-wrapper\">\n<div class=\"caas-attr author\">\n<p><span style=\"color: #000000;\"><a class=\"link caas-attr-logo\" style=\"color: #000000;\" href=\"https:\/\/www.yahoo.com\/author\/mari-ngela-vel-squez\/\" data-ylk=\"elm:author;slk:Mari\u00e1ngela Vel\u00e1squez;itc:0\" data-rapid_p=\"3\" data-v9y=\"1\"><img decoding=\"async\" class=\"caas-img\" src=\"https:\/\/s.yimg.com\/ny\/api\/res\/1.2\/HFoCEsBSX__1hYQyA.TY3Q--\/YXBwaWQ9aGlnaGxhbmRlcjt3PTgwO2g9ODA7Y2Y9d2VicA--\/https:\/\/o.aolcdn.com\/images\/dims?image_uri=https%3A%2F%2Fmedia.zenfs.com%2Fcreatr-images%2FGLB%2F2018-05-04%2Fe50276b0-4fbc-11e8-97df-0fd7481f9b86_Screen-Shot-2018-05-04-at-18-01-25.png&amp;compress=1&amp;progressive=1&amp;quality=75&amp;client=hawkeye&amp;signature=9fdcfc9392de1c384e483166bf1c826e976a1fc4\" alt=\"Mari\u00e1ngela Vel\u00e1squez\" data-src=\"https:\/\/s.yimg.com\/ny\/api\/res\/1.2\/HFoCEsBSX__1hYQyA.TY3Q--\/YXBwaWQ9aGlnaGxhbmRlcjt3PTgwO2g9ODA7Y2Y9d2VicA--\/https:\/\/o.aolcdn.com\/images\/dims?image_uri=https%3A%2F%2Fmedia.zenfs.com%2Fcreatr-images%2FGLB%2F2018-05-04%2Fe50276b0-4fbc-11e8-97df-0fd7481f9b86_Screen-Shot-2018-05-04-at-18-01-25.png&amp;compress=1&amp;progressive=1&amp;quality=75&amp;client=hawkeye&amp;signature=9fdcfc9392de1c384e483166bf1c826e976a1fc4\" \/><\/a><\/span><\/p>\n<div class=\"caas-attr-meta\">\n<div class=\"caas-attr-item-author\"><span class=\"caas-author-byline-collapse\" style=\"color: #000000;\" data-id=\"m-0\"><a class=\"link\" style=\"color: #000000;\" href=\"https:\/\/www.yahoo.com\/author\/mari-ngela-vel-squez\/\" data-ylk=\"elm:author;slk:Mari\u00e1ngela Vel\u00e1squez;itc:0\" data-rapid_p=\"4\" data-v9y=\"1\">Mari\u00e1ngela Vel\u00e1squez<\/a><\/span><\/div>\n<div class=\"caas-attr-time-style\"><span style=\"color: #000000;\"><time class=\"\" datetime=\"2024-05-27T10:03:15.000Z\">lun, 27 de mayo de 2024, 7:03 a.\u00a0m. GMT-3<\/time><\/span><\/div>\n<\/div>\n<\/div>\n<div class=\"caas-content-contain-share\"><\/div>\n<\/div>\n<div id=\"s-0\" class=\"caas-carousel caas-cover\" tabindex=\"0\" role=\"group\" aria-label=\"Slideshow\">\n<div class=\"caas-img-container\">\n<div class=\"caas-carousel-slides\">\n<div class=\"caas-carousel-slide\">\n<figure class=\"caas-carousel-figure\" role=\"img\" aria-label=\"SLIDE 1 of 13, Victoria en las aguas de M\u00f3naco\"><span style=\"color: #000000;\"><img decoding=\"async\" class=\"caas-img\" style=\"border: 0px; vertical-align: bottom; max-width: 100%; min-height: 1px; backface-visibility: hidden; position: absolute; top: 250.656px; left: 376px; transform: translate(-50%, -50%); height: auto; max-height: 100%; width: initial; z-index: 2;\" src=\"https:\/\/s.yimg.com\/ny\/api\/res\/1.2\/auQIp6BcAH91n_rTI02uBw--\/YXBwaWQ9aGlnaGxhbmRlcjt3PTk2MDtoPTY0MjtjZj13ZWJw\/https:\/\/s.yimg.com\/os\/creatr-uploaded-images\/2024-05\/582a9d60-1bf5-11ef-afcb-5a77cf3e852f\" alt=\"Victoria en las aguas de M\u00f3naco\" data-headline=\"Victoria en las aguas de M\u00f3naco\" data-credit=\"\" data-caption=\"&lt;p&gt;Charles Leclerc de Ferrari se zambulle en la marina despu\u00e9s de ganar el Gran Premio de M\u00f3naco. (REUTERS\/Benoit Tessier)&lt;\/p&gt; \" \/><\/span><\/figure>\n<\/div>\n<div class=\"caas-carousel-slide\">\n<figure class=\"caas-carousel-figure\" role=\"img\" aria-label=\"SLIDE 2 of 13, Cumplir con la tradici\u00f3n\"><span style=\"color: #000000;\"><img decoding=\"async\" class=\"caas-img\" style=\"border: 0px; vertical-align: bottom; max-width: 100%; min-height: 1px; backface-visibility: hidden; position: absolute; top: 250.656px; left: 376px; transform: translate(-50%, -50%); height: auto; max-height: 100%; width: initial; z-index: 2;\" src=\"https:\/\/s.yimg.com\/ny\/api\/res\/1.2\/Ft2KPUP4h4SUKRCP5UBjPw--\/YXBwaWQ9aGlnaGxhbmRlcjt3PTk2MDtoPTY0MDtjZj13ZWJw\/https:\/\/s.yimg.com\/os\/creatr-uploaded-images\/2024-05\/32a5d140-1bf5-11ef-bff7-104c14bdaf55\" alt=\"Cumplir con la tradici\u00f3n\" data-src=\"https:\/\/s.yimg.com\/ny\/api\/res\/1.2\/Ft2KPUP4h4SUKRCP5UBjPw--\/YXBwaWQ9aGlnaGxhbmRlcjt3PTk2MDtoPTY0MDtjZj13ZWJw\/https:\/\/s.yimg.com\/os\/creatr-uploaded-images\/2024-05\/32a5d140-1bf5-11ef-bff7-104c14bdaf55\" data-headline=\"Cumplir con la tradici\u00f3n\" data-credit=\"\" data-caption=\"&lt;p&gt;Charles Leclerc flota en el puerto deportivo de M\u00f3naco despu\u00e9s de seguir una vieja tradici\u00f3n de la localidad, en la que los ganadores de las competencias deben lanzarse al agua del principado. (Photo by Jakub Porzycki\/NurPhoto via Getty Images)&lt;\/p&gt; \" \/><\/span><\/figure>\n<\/div>\n<div class=\"caas-carousel-slide\">\n<figure class=\"caas-carousel-figure\" role=\"img\" aria-label=\"SLIDE 3 of 13, La dulzura de triunfar en casa\"><span style=\"color: #000000;\"><img class=\"caas-img\" style=\"border: 0px; vertical-align: bottom; max-width: 100%; min-height: 1px; backface-visibility: hidden; position: absolute; top: 250.656px; left: 376px; transform: translate(-50%, -50%); height: auto; max-height: 100%; width: initial; z-index: 2;\" alt=\"La dulzura de triunfar en casa\" data-src=\"https:\/\/s.yimg.com\/ny\/api\/res\/1.2\/GoRv.D6wsavX0KU_IdO22Q--\/YXBwaWQ9aGlnaGxhbmRlcjt3PTk2MDtoPTY0MDtjZj13ZWJw\/https:\/\/s.yimg.com\/os\/creatr-uploaded-images\/2024-05\/3026ee90-1bf5-11ef-9eaf-02a49c2cff71\" data-headline=\"La dulzura de triunfar en casa\" data-credit=\"\" data-caption=\"&lt;p&gt;El monegasco Charles Leclerc de Ferrari levanta la copa en casa. Leclerc es el primer piloto monegasco en ganar el Gran Premio de M\u00f3naco en la era del campeonato mundial, y el primero desde Louis Chiron en 1931, que fue la tercera edici\u00f3n de la carrera. (Foto de Jakub Porzycki\/NurPhoto v\u00eda Getty Images)&lt;\/p&gt; \" \/><\/span><\/figure>\n<\/div>\n<div class=\"caas-carousel-slide\">\n<figure class=\"caas-carousel-figure\" role=\"img\" aria-label=\"SLIDE 5 of 13, Una carrera emocional de principio a fin\">\n<div class=\"caas-img-underlay\"><\/div>\n<p><span style=\"color: #000000;\"><img class=\"caas-img\" style=\"border: 0px; vertical-align: bottom; max-width: 100%; min-height: 1px; backface-visibility: hidden; position: absolute; top: 250.656px; left: 376px; transform: translate(-50%, -50%); height: auto; max-height: 100%; width: initial; z-index: 2;\" alt=\"Una carrera emocional de principio a fin\" data-src=\"https:\/\/s.yimg.com\/ny\/api\/res\/1.2\/METvFM8d5R2q7BeUvmYq2w--\/YXBwaWQ9aGlnaGxhbmRlcjt3PTk2MDtoPTY2NztjZj13ZWJw\/https:\/\/s.yimg.com\/os\/creatr-uploaded-images\/2024-05\/401218c0-1bf5-11ef-b2df-fb3dab7a4e5a\" data-headline=\"Una carrera emocional de principio a fin\" data-credit=\"\" data-caption=\"&lt;p&gt;Leclerc se monta en su coche Ferrari para celebrar su primera victoria en M\u00f3naco. &quot;Donde m\u00e1s me cost\u00f3 contener mis emociones fue durante las \u00faltimas 10 vueltas de la carrera&quot;, declar\u00f3 Leclerc. (Photo by Hasan Bratic\/Anadolu via Getty Images)&lt;\/p&gt; \" \/><\/span><\/figure>\n<\/div>\n<div class=\"caas-carousel-slide\">\n<figure class=\"caas-carousel-figure\" role=\"img\" aria-label=\"SLIDE 6 of 13, Leclerc escoltado por Piastri y Sainz\"><span style=\"color: #000000;\"><img class=\"caas-img\" style=\"border: 0px; vertical-align: bottom; max-width: 100%; min-height: 1px; backface-visibility: hidden; position: absolute; top: 250.656px; left: 376px; transform: translate(-50%, -50%); height: auto; max-height: 100%; width: initial; z-index: 2;\" alt=\"Leclerc escoltado por Piastri y Sainz\" data-src=\"https:\/\/s.yimg.com\/ny\/api\/res\/1.2\/jpt5cFueD3Oqy9Vksxl.gw--\/YXBwaWQ9aGlnaGxhbmRlcjt3PTk2MDtoPTY0MDtjZj13ZWJw\/https:\/\/s.yimg.com\/os\/creatr-uploaded-images\/2024-05\/4449cf00-1bf5-11ef-b6c9-56c4e7f204e6\" data-headline=\"Leclerc escoltado por Piastri y Sainz\" data-credit=\"\" data-caption=\"&lt;p&gt;El primer lugar para el piloto monegasco Charles Leclerc de la Scuderia Ferrari (M), segundo lugar para el piloto australiano Oscar Piastri de McLaren F1 Team (I) y tercer lugar para el piloto espa\u00f1ol Carlos Sainz Jr. de la Scuderia Ferrari en el podio del Gran Premio de M\u00f3naco de F\u00f3rmula 1. (Foto de Hasan Bratic\/Anadolu v\u00eda Getty Images)&lt;\/p&gt; \" \/><\/span><\/figure>\n<\/div>\n<div class=\"caas-carousel-slide\">\n<figure class=\"caas-carousel-figure\" role=\"img\" aria-label=\"SLIDE 7 of 13, No hay quinto malo\"><span style=\"color: #000000;\"><img class=\"caas-img\" style=\"border: 0px; vertical-align: bottom; max-width: 100%; min-height: 1px; backface-visibility: hidden; position: absolute; top: 250.656px; left: 376px; transform: translate(-50%, -50%); height: auto; max-height: 100%; width: initial; z-index: 2;\" alt=\"No hay quinto malo\" data-src=\"https:\/\/s.yimg.com\/ny\/api\/res\/1.2\/s5zARf5N2i9Yn9Ynnz7zcA--\/YXBwaWQ9aGlnaGxhbmRlcjt3PTk2MDtoPTY0MDtjZj13ZWJw\/https:\/\/s.yimg.com\/os\/creatr-uploaded-images\/2024-05\/59c51780-1bc9-11ef-bdf8-5a19d530dd91\" data-headline=\"No hay quinto malo\" data-credit=\"\" data-caption=\"&lt;p&gt;Leclerc logr\u00f3 su quinto podio en las primeras ocho carreras, despu\u00e9s de haber logrado solo cuatro podios en las primeras 20 carreras de 2023. (Photo by Beata Zawrzel\/NurPhoto via Getty Images)&lt;\/p&gt; \" \/><\/span><\/figure>\n<\/div>\n<div class=\"caas-carousel-slide\">\n<figure class=\"caas-carousel-figure\" role=\"img\" aria-label=\"SLIDE 9 of 13, El fin de la mala racha\"><span style=\"color: #000000;\"><img class=\"caas-img\" style=\"border: 0px; vertical-align: bottom; max-width: 100%; min-height: 1px; backface-visibility: hidden; position: absolute; top: 250.656px; left: 376px; transform: translate(-50%, -50%); height: auto; max-height: 100%; width: initial; z-index: 2;\" alt=\"El fin de la mala racha\" data-src=\"https:\/\/s.yimg.com\/ny\/api\/res\/1.2\/JEXc3K4dXMBRKpDRMwo2CA--\/YXBwaWQ9aGlnaGxhbmRlcjt3PTk2MDtoPTY0MDtjZj13ZWJw\/https:\/\/s.yimg.com\/os\/creatr-uploaded-images\/2024-05\/4907f350-1bf5-11ef-a6cf-9fd7d52d3449\" data-headline=\"El fin de la mala racha\" data-credit=\"\" data-caption=\"&lt;p&gt;Tambi\u00e9n pone fin a su racha de no ganar desde la pole, al no haber podido convertir sus \u00faltimas 12 poles en una victoria. (Foto de Beata Zawrzel\/NurPhoto via Getty Images)&lt;\/p&gt; \" \/><\/span><\/figure>\n<\/div>\n<div class=\"caas-carousel-slide\">\n<figure class=\"caas-carousel-figure\" role=\"img\" aria-label=\"SLIDE 10 of 13, El ganador junto al pr\u00edncipe\"><span style=\"color: #000000;\"><img class=\"caas-img\" style=\"border: 0px; vertical-align: bottom; max-width: 100%; min-height: 1px; backface-visibility: hidden; position: absolute; top: 250.656px; left: 376px; transform: translate(-50%, -50%); height: auto; max-height: 100%; width: initial; z-index: 2;\" alt=\"El ganador junto al pr\u00edncipe\" data-src=\"https:\/\/s.yimg.com\/ny\/api\/res\/1.2\/VPNyGGVij2XUaE7qtlJvuw--\/YXBwaWQ9aGlnaGxhbmRlcjt3PTk2MDtoPTY0MDtjZj13ZWJw\/https:\/\/s.yimg.com\/os\/creatr-uploaded-images\/2024-05\/4ee85080-1bf5-11ef-bf1f-a064af0ddaa6\" data-headline=\"El ganador junto al pr\u00edncipe\" data-credit=\"\" data-caption=\"&lt;p&gt;El Pr\u00edncipe Alberto II de M\u00f3naco celebran en el podio junto Lecler, Piastri y Sainz tras la carrera del Gran Premio de F1 de M\u00f3naco. (Foto de Beata Zawrzel\/NurPhoto v\u00eda Getty Images)&lt;\/p&gt; \" \/><\/span><\/figure>\n<\/div>\n<div class=\"caas-carousel-slide\">\n<figure class=\"caas-carousel-figure\" role=\"img\" aria-label=\"SLIDE 11 of 13, Ferrari se anota 10 en M\u00f3naco\"><span style=\"color: #000000;\"><img class=\"caas-img\" style=\"border: 0px; vertical-align: bottom; max-width: 100%; min-height: 1px; backface-visibility: hidden; position: absolute; top: 250.656px; left: 376px; transform: translate(-50%, -50%); height: auto; max-height: 100%; width: initial; z-index: 2;\" alt=\"Ferrari se anota 10 en M\u00f3naco\" data-src=\"https:\/\/s.yimg.com\/ny\/api\/res\/1.2\/GKKzBy5w8CDf5nzRRckPYQ--\/YXBwaWQ9aGlnaGxhbmRlcjt3PTk2MDtoPTYzNDtjZj13ZWJw\/https:\/\/s.yimg.com\/os\/creatr-uploaded-images\/2024-05\/5c976d60-1bf5-11ef-ae7f-03498426ed5c\" data-headline=\"Ferrari se anota 10 en M\u00f3naco\" data-credit=\"\" data-caption=\"&lt;p&gt;Esta fue la d\u00e9cima victoria de Ferrari en M\u00f3naco y la cuarta carrera consecutiva liderada de principio a fin por un solo piloto. (REUTERS\/Benoit Tessier)&lt;\/p&gt; \" \/><\/span><\/figure>\n<\/div>\n<div class=\"caas-carousel-slide\">\n<figure class=\"caas-carousel-figure\" role=\"img\" aria-label=\"SLIDE 13 of 13, La llegada en orden de parrilla\"><span style=\"color: #000000;\"><img class=\"caas-img\" style=\"border: 0px; vertical-align: bottom; max-width: 100%; min-height: 1px; backface-visibility: hidden; position: absolute; top: 250.656px; left: 376px; transform: translate(-50%, -50%); height: auto; max-height: 100%; width: initial; z-index: 2;\" alt=\"La llegada en orden de parrilla\" data-src=\"https:\/\/s.yimg.com\/ny\/api\/res\/1.2\/Bg_ey4lovVxv91FH7g6EPA--\/YXBwaWQ9aGlnaGxhbmRlcjt3PTk2MDtoPTYzMztjZj13ZWJw\/https:\/\/s.yimg.com\/os\/creatr-uploaded-images\/2024-05\/62a82960-1bf5-11ef-abba-e3308cbf0770\" data-headline=\"La llegada en orden de parrilla\" data-credit=\"\" data-caption=\"&lt;p&gt;Los 10 primeros terminaron en su orden de parrilla, la mayor cantidad en la historia de la F1. En el r\u00e9cord anterior, los seis primeros terminaron en orden de parrilla en M\u00f3naco 2018, Singapur 2018 y B\u00e9lgica 2021. (REUTERS\/Claudia Greco)&lt;\/p&gt; \" \/><\/span><\/figure>\n<\/div>\n<div class=\"caas-carousel-slide\">\n<figure class=\"caas-carousel-figure\" role=\"img\" aria-label=\"SLIDE 14 of 13, Sin supersticiones\"><span style=\"color: #000000;\"><img class=\"caas-img\" style=\"border: 0px; vertical-align: bottom; max-width: 100%; min-height: 1px; backface-visibility: hidden; position: absolute; top: 250.656px; left: 376px; transform: translate(-50%, -50%); height: auto; max-height: 100%; width: initial; z-index: 2;\" alt=\"Sin supersticiones\" data-src=\"https:\/\/s.yimg.com\/ny\/api\/res\/1.2\/R7jHmmuZ0rBBC2cR89fh2Q--\/YXBwaWQ9aGlnaGxhbmRlcjt3PTk2MDtoPTY0MDtjZj13ZWJw\/https:\/\/s.yimg.com\/os\/creatr-uploaded-images\/2024-05\/80209090-1bf5-11ef-bfff-25ad5f9ba2c7\" data-headline=\"Sin supersticiones\" data-credit=\"\" data-caption=\"&lt;p&gt;&quot;Nunca cre\u00ed en la maldici\u00f3n, pero siempre sent\u00ed que era muy dif\u00edcil en las dos ocasiones que tuve la oportunidad de ganar aqu\u00ed&quot;, dijo Leclerc. (AP Photo\/Luca Bruno)&lt;\/p&gt; \" \/><\/span><\/figure>\n<\/div>\n<div class=\"caas-carousel-slide\">\n<figure class=\"caas-carousel-figure\" role=\"img\" aria-label=\"SLIDE 15 of 13, Charles y Charlene\"><span style=\"color: #000000;\"><img class=\"caas-img\" style=\"border: 0px; vertical-align: bottom; max-width: 100%; min-height: 1px; backface-visibility: hidden; position: absolute; top: 250.656px; left: 376px; transform: translate(-50%, -50%); height: auto; max-height: 100%; width: initial; z-index: 2;\" alt=\"Charles y Charlene\" data-src=\"https:\/\/s.yimg.com\/ny\/api\/res\/1.2\/3tzCleukaUHuq8qlMYPBfQ--\/YXBwaWQ9aGlnaGxhbmRlcjt3PTk2MDtoPTY0MDtjZj13ZWJw\/https:\/\/s.yimg.com\/os\/creatr-uploaded-images\/2024-05\/8a864ed0-1bf5-11ef-b3bf-6ac32c9b25ac\" data-headline=\"Charles y Charlene\" data-credit=\"\" data-caption=\"&lt;p&gt;Charles Leclerc recibe una medalla de Charlene, Princesa de M\u00f3naco, despu\u00e9s de ganar la carrera del Gran Premio de M\u00f3naco (AP Photo\/Luca Bruno)&lt;\/p&gt; \" \/><\/span><\/figure>\n<\/div>\n<div class=\"caas-carousel-slide\">\n<figure class=\"caas-carousel-figure\" role=\"img\" aria-label=\"SLIDE 17 of 13, El equipo de la victoria\"><span style=\"color: #000000;\"><img class=\"caas-img\" style=\"border: 0px; vertical-align: bottom; max-width: 100%; min-height: 1px; backface-visibility: hidden; position: absolute; top: 250.656px; left: 376px; transform: translate(-50%, -50%); height: auto; max-height: 100%; width: initial; z-index: 2;\" alt=\"El equipo de la victoria\" data-src=\"https:\/\/s.yimg.com\/ny\/api\/res\/1.2\/gid_Kokb92DRgp84RzHEWA--\/YXBwaWQ9aGlnaGxhbmRlcjt3PTk2MDtoPTY0MDtjZj13ZWJw\/https:\/\/s.yimg.com\/os\/creatr-uploaded-images\/2024-05\/36796e80-1bf5-11ef-bf7d-a98316876e1f\" data-headline=\"El equipo de la victoria\" data-credit=\"\" data-caption=\"&lt;p&gt;Stefano Domenicali celebra con el equipo Ferrari despu\u00e9s del Gran Premio de M\u00f3naco.(Foto de Jakub Porzycki\/NurPhoto v\u00eda Getty Images)&lt;\/p&gt; \" \/><\/span><\/figure>\n<\/div>\n<\/div>\n<p>&nbsp;<\/p>\n<\/div>\n<div class=\"figure-meta\" aria-hidden=\"true\"><span style=\"color: #000000;\"><span class=\"current\">1<\/span>\u00a0\/ 13<\/span><\/div>\n<div class=\"description collapse-caption\" aria-hidden=\"true\">\n<h2 class=\"description-headline\"><span style=\"color: #000000;\">Victoria en las aguas de M\u00f3naco<\/span><\/h2>\n<div class=\"description-caption-wrapper\" data-id=\"s-0\">\n<p><span style=\"color: #000000;\">Charles Leclerc de Ferrari se zambulle en la marina despu\u00e9s de ganar el Gran Premio de M\u00f3naco. (REUTERS\/Benoit Tessier)<\/span><\/p>\n<\/div>\n<\/div>\n<\/div>\n<div class=\"caas-body\">\n<p><span style=\"color: #000000;\"><a class=\"link yahoo-link\" style=\"color: #000000;\" href=\"https:\/\/es-us.noticias.yahoo.com\/accidentada-largada-premio-m%C3%B3naco-f%C3%B3rmula-132647773.html\" data-i13n=\"cpos:1;pos:1\" data-ylk=\"slk:La euforia tom\u00f3 el domingo las calles de M\u00f3naco cuando Charles Leclerc rompi\u00f3 la maldici\u00f3n y gan\u00f3 su gran premio en casa;cpos:1;pos:1;elm:context_link;itc:0;sec:content-canvas;outcm:mb_qualified_link;_E:mb_qualified_link;ct:story;\" data-rapid_p=\"12\" data-v9y=\"0\">La euforia tom\u00f3 el domingo las calles de M\u00f3naco cuando Charles Leclerc rompi\u00f3 la maldici\u00f3n y gan\u00f3 su gran premio en casa<\/a>, obteniendo su primera victoria desde el Gran Premio de Austria de 2022. Oscar Piastri y Carlos Sainz completaron el podio de la accidentada carrera.<\/span><\/p>\n<p><span style=\"color: #000000;\">Gritos y aplausos resonaron en todo el principado cuando el piloto de Ferrari pas\u00f3 la bandera a cuadros, convirti\u00e9ndose en el primer local en ganar la ic\u00f3nica carrera de la F\u00f3rmula Uno desde que Louis Chiron corri\u00f3 por las calles de la ciudad en 1931.<\/span><\/p>\n<ul class=\"caas-list caas-list-bullet\">\n<li><\/li>\n<\/ul>\n<p><span style=\"color: #000000;\">Fue la primera vez que el piloto de Ferrari, de 26 a\u00f1os, subi\u00f3 al podio de M\u00f3naco en seis intentos, y ocurri\u00f3 despu\u00e9s de dos largadas desde la pole position en una carrera que fue detenida\u00a0<a class=\"link yahoo-link\" style=\"color: #000000;\" href=\"https:\/\/es-us.noticias.yahoo.com\/checo-p%C3%A9rez-explota-kevin-magnussen-104316130.html\" data-i13n=\"cpos:3;pos:1\" data-ylk=\"slk:tras un aparatoso accidente que involucr\u00f3 a Sergio 'Checo' Perez, Kevin Magnussen y Nico Hulkenberg;cpos:3;pos:1;elm:context_link;itc:0;sec:content-canvas;outcm:mb_qualified_link;_E:mb_qualified_link;ct:story;\" data-rapid_p=\"14\" data-v9y=\"0\">tras un aparatoso accidente que involucr\u00f3 a Sergio &#8216;Checo&#8217; Perez, Kevin Magnussen y Nico Hulkenberg<\/a><\/span><\/p>\n<p><span style=\"color: #000000;\">El l\u00edder del campeonato de Red Bull y ganador de M\u00f3naco en 2023, Max Verstappen, comenz\u00f3 y termin\u00f3 sexto. Es la tercera vez en ocho carreras esta temporada que el triple campe\u00f3n del mundo es derrotado.<\/span><\/p>\n<p><span style=\"color: #000000;\">M\u00e1s que un triunfo, la victoria en M\u00f3naco fue un sue\u00f1o hecho realidad para Leclerc. Para llegar al codiciado podio tuvo que superar la muerte de su padre, Herv\u00e9, cuando corr\u00eda en F2 en 2017, luego de haber perdido a su padrino, el piloto de F1 Jules Bianchi, quien falleci\u00f3 un a\u00f1o despu\u00e9s de estrellarse en el GP de Jap\u00f3n en 2014.<\/span><\/p>\n<p><span style=\"color: #000000;\">\u201cPensaba mucho m\u00e1s en pap\u00e1 de lo que hubiera imaginado mientras conduc\u00eda, obviamente \u00e9l lo ha dado todo para que yo est\u00e9 aqu\u00ed\u201d, dijo. \u00abPara m\u00ed y para nosotros era un sue\u00f1o correr y ganar aqu\u00ed. Por eso es incre\u00edble\u00bb.<\/span><\/p>\n<p>Fuentes:\u00a0<a class=\"link \" href=\"https:\/\/www.nytimes.com\/athletic\/5520279\/2024\/05\/26\/charles-leclerc-f1-monaco-gp-results\/\" target=\"_blank\" rel=\"nofollow noopener\" data-i13n=\"cpos:4;pos:1\" data-ylk=\"slk:NYTimes;cpos:4;pos:1;elm:context_link;itc:0;sec:content-canvas\" data-rapid_p=\"15\" data-v9y=\"1\">NYTimes<\/a>,\u00a0<a class=\"link \" href=\"https:\/\/www.aljazeera.com\/sports\/2024\/5\/26\/leclerc-ends-monaco-jinx-with-dream-f1-home-victory\" target=\"_blank\" rel=\"nofollow noopener\" data-i13n=\"cpos:5;pos:1\" data-ylk=\"slk:Aljazeera;cpos:5;pos:1;elm:context_link;itc:0;sec:content-canvas\" data-rapid_p=\"16\" data-v9y=\"1\">Aljazeera<\/a>,\u00a0<a class=\"link \" href=\"https:\/\/news.sky.com\/story\/huge-160mph-crash-at-monaco-grand-prix-halts-formula-one-race-13143424\" target=\"_blank\" rel=\"nofollow noopener\" data-i13n=\"cpos:6;pos:1\" data-ylk=\"slk:Sky News;cpos:6;pos:1;elm:context_link;itc:0;sec:content-canvas\" data-rapid_p=\"17\" data-v9y=\"1\">Sky News<\/a>,\u00a0<a class=\"link \" href=\"https:\/\/www.theguardian.com\/sport\/article\/2024\/may\/26\/charles-leclerc-wins-monaco-f1-gp-for-ferrari-to-delight-of-home-crowd\" target=\"_blank\" rel=\"nofollow noopener\" data-i13n=\"cpos:7;pos:1\" data-ylk=\"slk:The Guardian;cpos:7;pos:1;elm:context_link;itc:0;sec:content-canvas\" data-rapid_p=\"18\" data-v9y=\"1\">The Guardian<\/a>,\u00a0<a class=\"link \" href=\"https:\/\/www.formula1.com\/en\/latest\/article\/facts-and-stats-first-monegasque-winner-in-monaco-since-1931-as-leclerc.4iQxLmf1Hz5i9OLxtuXdDt\" target=\"_blank\" rel=\"nofollow noopener\" data-i13n=\"cpos:8;pos:1\" data-ylk=\"slk:F1;cpos:8;pos:1;elm:context_link;itc:0;sec:content-canvas\" data-rapid_p=\"19\" data-v9y=\"1\">F1<\/a>.<\/p>\n<\/div>\n","protected":false},"excerpt":{"rendered":"<p>OTOS | Leclerc saborea la gloria al triunfar en casa y, como manda la tradici\u00f3n, con zambullida incluida Mari\u00e1ngela Vel\u00e1squez lun, 27 de mayo de 2024, 7:03 a.\u00a0m. GMT-3 &nbsp; 1\u00a0\/ 13 Victoria en las aguas de M\u00f3naco Charles Leclerc de Ferrari se zambulle en la marina despu\u00e9s de ganar el Gran Premio de M\u00f3naco. &hellip;<\/p>\n","protected":false},"author":2,"featured_media":9872,"comment_status":"open","ping_status":"open","sticky":false,"template":"","format":"standard","meta":{"footnotes":""},"categories":[2],"tags":[],"class_list":["post-9871","post","type-post","status-publish","format-standard","has-post-thumbnail","hentry","category-automovilismo"],"_links":{"self":[{"href":"https:\/\/www.sportchaco.com.ar\/index.php?rest_route=\/wp\/v2\/posts\/9871","targetHints":{"allow":["GET"]}}],"collection":[{"href":"https:\/\/www.sportchaco.com.ar\/index.php?rest_route=\/wp\/v2\/posts"}],"about":[{"href":"https:\/\/www.sportchaco.com.ar\/index.php?rest_route=\/wp\/v2\/types\/post"}],"author":[{"embeddable":true,"href":"https:\/\/www.sportchaco.com.ar\/index.php?rest_route=\/wp\/v2\/users\/2"}],"replies":[{"embeddable":true,"href":"https:\/\/www.sportchaco.com.ar\/index.php?rest_route=%2Fwp%2Fv2%2Fcomments&post=9871"}],"version-history":[{"count":3,"href":"https:\/\/www.sportchaco.com.ar\/index.php?rest_route=\/wp\/v2\/posts\/9871\/revisions"}],"predecessor-version":[{"id":9875,"href":"https:\/\/www.sportchaco.com.ar\/index.php?rest_route=\/wp\/v2\/posts\/9871\/revisions\/9875"}],"wp:featuredmedia":[{"embeddable":true,"href":"https:\/\/www.sportchaco.com.ar\/index.php?rest_route=\/wp\/v2\/media\/9872"}],"wp:attachment":[{"href":"https:\/\/www.sportchaco.com.ar\/index.php?rest_route=%2Fwp%2Fv2%2Fmedia&parent=9871"}],"wp:term":[{"taxonomy":"category","embeddable":true,"href":"https:\/\/www.sportchaco.com.ar\/index.php?rest_route=%2Fwp%2Fv2%2Fcategories&post=9871"},{"taxonomy":"post_tag","embeddable":true,"href":"https:\/\/www.sportchaco.com.ar\/index.php?rest_route=%2Fwp%2Fv2%2Ftags&post=9871"}],"curies":[{"name":"wp","href":"https:\/\/api.w.org\/{rel}","templated":true}]}}