{"id":9901,"date":"2024-05-27T23:00:58","date_gmt":"2024-05-28T02:00:58","guid":{"rendered":"https:\/\/www.sportchaco.com.ar\/?p=9901"},"modified":"2024-05-27T23:09:40","modified_gmt":"2024-05-28T02:09:40","slug":"efemerides-del-28-de-mayo","status":"publish","type":"post","link":"https:\/\/www.sportchaco.com.ar\/?p=9901","title":{"rendered":"Efem\u00e9rides del 28 de mayo"},"content":{"rendered":"<p><strong>Esta es la Efem\u00e9rides del Deporte en el Chaco de un 28 de mayo del periodista Luis Dar\u00edo Molodezky.<\/strong><\/p>\n<p>&nbsp;<\/p>\n<p><strong>1965 <\/strong>\/ Se funda el Club Social y Deportivo Talleres, y se obtiene la personer\u00eda con fecha 30 de setiembre del mismo a\u00f1o. Tiene domicilio en Coronel Falc\u00f3n 147 de Resistencia. Sus instalaciones est\u00e1n al servicio de diversas entidades escolares. Se practica f\u00fatbol, b\u00e1squet y voley.<\/p>\n<p><strong>1975 <\/strong>\/ Obtiene la personer\u00eda jur\u00eddica el Club Social, Cultural y Deportivo Villa Libertad pero tuvo sus inicios en el a\u00f1o 1942. Enclavado en el coraz\u00f3n de la populosa barriada, pas\u00f3 por muchos avatares y siempre busca su rumbo definitivo. Lugar de encuentro de reuniones familiares y sociales, se practicaron varios deportes en su terreno de Edison y Juan de Dios Mena.<\/p>\n<p><strong>1980 <\/strong>\/ Lleg\u00f3 a Villa \u00c1ngela el primer norteamericano de Uni\u00f3n Progresista: James Green, de 26 a\u00f1os y oriundo de Utah. Lo trajo Antonio Manno, quien viaj\u00f3 a EE.UU. al efecto, comisionado por el club. Su puesto es poste o central.<\/p>\n<p><strong>1989 <\/strong>\/ Miguel Horacio P\u00e9rez se consagra campe\u00f3n nacional en los 110 metros con vallas, en el torneo realizado en el Centro de Alto Rendimiento Pedro Candioti de Santa Fe, con un tiempo de 15\u201d 5\/10 e integrar\u00e1 el equipo en el Sudamericano de Santa Fe. El atleta pertenece al Club Sportivo Zapallar de General San Mart\u00edn.<\/p>\n<p><strong>2006 <\/strong>\/ Un hecho in\u00e9dito se produjo en el partido San Lorenzo y Uni\u00f3n por el torneo oficial de la Liga Saenzpe\u00f1ense, porque ante la ausencia del hombre de l\u00ednea Romeo Quiroz, el cotejo fue arbitrado de manera simult\u00e1nea por Walter Mercado (juez principal) y Emil Bonfanti (primer asistente), quienes se distribuyeron uno en cada terreno del campo de juego. Como en el b\u00e1squet, pero sin aros. Y el trabajo no desenton\u00f3.<\/p>\n<p><strong>Foto portada: Quinteto del Club Uni\u00f3n Progresista de Villa \u00c1ngela, Chaco del a\u00f1o 1980 de izq a der: Cenzano Juan, Green Larry (primer extranjero que visti\u00f3 la camiseta del club), Lobera Jorge, Milovich y Lobera Carlos. Face ADNbasquet<\/strong><\/p>\n<p>&nbsp;<\/p>\n<p><img loading=\"lazy\" decoding=\"async\" class=\"alignnone size-medium wp-image-9818 aligncenter\" src=\"https:\/\/www.sportchaco.com.ar\/wp-content\/uploads\/2024\/05\/gobierno-paisaje-300x116.png\" alt=\"\" width=\"300\" height=\"116\" srcset=\"https:\/\/www.sportchaco.com.ar\/wp-content\/uploads\/2024\/05\/gobierno-paisaje-300x116.png 300w, https:\/\/www.sportchaco.com.ar\/wp-content\/uploads\/2024\/05\/gobierno-paisaje-768x297.png 768w, https:\/\/www.sportchaco.com.ar\/wp-content\/uploads\/2024\/05\/gobierno-paisaje.png 800w\" sizes=\"auto, (max-width: 300px) 100vw, 300px\" \/><\/p>\n","protected":false},"excerpt":{"rendered":"<p>Esta es la Efem\u00e9rides del Deporte en el Chaco de un 28 de mayo del periodista Luis Dar\u00edo Molodezky. &nbsp; 1965 \/ Se funda el Club Social y Deportivo Talleres, y se obtiene la personer\u00eda con fecha 30 de setiembre del mismo a\u00f1o. Tiene domicilio en Coronel Falc\u00f3n 147 de Resistencia. Sus instalaciones est\u00e1n al &hellip;<\/p>\n","protected":false},"author":2,"featured_media":9902,"comment_status":"open","ping_status":"open","sticky":false,"template":"","format":"standard","meta":{"footnotes":""},"categories":[45,35],"tags":[],"class_list":["post-9901","post","type-post","status-publish","format-standard","has-post-thumbnail","hentry","category-efemerides-dia-por-dia","category-mayo"],"_links":{"self":[{"href":"https:\/\/www.sportchaco.com.ar\/index.php?rest_route=\/wp\/v2\/posts\/9901","targetHints":{"allow":["GET"]}}],"collection":[{"href":"https:\/\/www.sportchaco.com.ar\/index.php?rest_route=\/wp\/v2\/posts"}],"about":[{"href":"https:\/\/www.sportchaco.com.ar\/index.php?rest_route=\/wp\/v2\/types\/post"}],"author":[{"embeddable":true,"href":"https:\/\/www.sportchaco.com.ar\/index.php?rest_route=\/wp\/v2\/users\/2"}],"replies":[{"embeddable":true,"href":"https:\/\/www.sportchaco.com.ar\/index.php?rest_route=%2Fwp%2Fv2%2Fcomments&post=9901"}],"version-history":[{"count":1,"href":"https:\/\/www.sportchaco.com.ar\/index.php?rest_route=\/wp\/v2\/posts\/9901\/revisions"}],"predecessor-version":[{"id":9903,"href":"https:\/\/www.sportchaco.com.ar\/index.php?rest_route=\/wp\/v2\/posts\/9901\/revisions\/9903"}],"wp:featuredmedia":[{"embeddable":true,"href":"https:\/\/www.sportchaco.com.ar\/index.php?rest_route=\/wp\/v2\/media\/9902"}],"wp:attachment":[{"href":"https:\/\/www.sportchaco.com.ar\/index.php?rest_route=%2Fwp%2Fv2%2Fmedia&parent=9901"}],"wp:term":[{"taxonomy":"category","embeddable":true,"href":"https:\/\/www.sportchaco.com.ar\/index.php?rest_route=%2Fwp%2Fv2%2Fcategories&post=9901"},{"taxonomy":"post_tag","embeddable":true,"href":"https:\/\/www.sportchaco.com.ar\/index.php?rest_route=%2Fwp%2Fv2%2Ftags&post=9901"}],"curies":[{"name":"wp","href":"https:\/\/api.w.org\/{rel}","templated":true}]}}