{"id":9912,"date":"2024-05-27T23:08:17","date_gmt":"2024-05-28T02:08:17","guid":{"rendered":"https:\/\/www.sportchaco.com.ar\/?p=9912"},"modified":"2024-05-27T23:08:17","modified_gmt":"2024-05-28T02:08:17","slug":"ruedas-de-noticias-de-aqui-y-de-alla","status":"publish","type":"post","link":"https:\/\/www.sportchaco.com.ar\/?p=9912","title":{"rendered":"Ruedas de noticias de aqu\u00ed y de all\u00e1"},"content":{"rendered":"<div class=\"Pos(r) D(f)\">\n<div class=\"D(f) Fld(c) Fxg(1) Miw(0)\">\n<p class=\"finance-ticker-fetch-success_D(n) LineClamp(2,40px) sub-upsell-fetch-success_D(n) Fz(14px) Lh(1.43) C(--batcave) Mb(4px) Mend(50px) Mt(2px) Bxz(bb) Wob($break-word)\" data-test-locator=\"stream-item-summary\">\n<\/div>\n<\/div>\n<div class=\"drawer-fetch-boundary Pos(r)\">\n<h4 class=\"drawer-adfeedback-wrapper-dd8b546e-f746-408b-82e1-f83e2b0d5c11\">Las noticias deportivas del d\u00eda nacionales e internacionales de Yahoo.com<\/h4>\n<\/div>\n<p>&nbsp;<\/p>\n<div class=\"drawer-fetch-boundary Pos(r)\">\n<div class=\"adfeedback-dialog\"><\/div>\n<\/div>\n<ul>\n<li class=\"stream-item js-stream-content Bgc(t) Pos(r) Mb(24px)\" data-uuid=\"639a49bc-7c78-40a7-8161-7b2d18258e13\" data-cpos=\"3\" data-cposy=\"8\" data-i13n-cfg=\"{&quot;bpos&quot;:1,&quot;categoryLabel&quot;:&quot;Sports&quot;,&quot;cpos&quot;:3,&quot;cposy&quot;:8}\" data-test-locator=\"stream-item\">\n<div class=\"Pos(r) D(f)\">\n<div class=\"Mend(20px) Flxb(1) Pos(r)\"><a class=\"H(0) T(0px) Bdrs(8px) Start(0) D(b) Td(n) W(268px) Ov(h)\" tabindex=\"-1\" href=\"https:\/\/es-us.noticias.yahoo.com\/triatleta-mexicana-sacrifica-su-puesto-para-ayudar-a-otra-competidora-que-se-habia-caido-004336641.html\" data-test-locator=\"stream-item-image\" data-ylk=\"itc:0;elm:img;elmt:ct;imgt:ss;bpos:1;cpos:3;cposy:8;p_sys:jarvis;rspns:nav;t1:a3;t2:strm;t3:ct;ccode:ntk_assetlist_unified__es-US__news__default__default__desktop__ga__noSplit;ct:story;g:639a49bc-7c78-40a7-8161-7b2d18258e13;grpt:singlestory;pkgt:orphan_img;pos:1;cnt_tpc:Sports;slk:Triatleta mexicana sacrifica su puesto para ayudar a otra competidora que se hab\u00eda ca\u00eddo;\" aria-hidden=\"true\" data-rapid_p=\"3\" data-v9y=\"1\"><img loading=\"lazy\" decoding=\"async\" class=\"\" src=\"https:\/\/s.yimg.com\/uu\/api\/res\/1.2\/JLNt72KLOIa4Dtag83MVsg--~B\/Zmk9c3RyaW07aD0yODQ7cT04MDt3PTUzNjthcHBpZD15dGFjaHlvbg--\/https:\/\/s.yimg.com\/os\/creatr-uploaded-images\/2024-05\/606dbcc0-1c84-11ef-9fee-00a5f412e431.cf.webp\" alt=\"\" width=\"268\" height=\"142\" data-test-locator=\"stream-item-image\" \/><\/a><\/div>\n<div class=\"D(f) Fld(c) Fxg(1) Miw(0)\">\n<h3 class=\"LineClamp(2,2.6em) Mend(50px) Mb(4px) Lh(1.33) Fz(18px) Fz(16px)--maw1024 Fw(b) stream-item-title\" data-test-locator=\"stream-item-title\"><a class=\"stream-title D(b) Td(n) Td(n):f C(--batcave) C($streamBrandHoverClass):h C($streamBrandHoverClass):fv\" href=\"https:\/\/es-us.noticias.yahoo.com\/triatleta-mexicana-sacrifica-su-puesto-para-ayudar-a-otra-competidora-que-se-habia-caido-004336641.html\" data-uuid=\"639a49bc-7c78-40a7-8161-7b2d18258e13\" data-wf-caas-prefetch=\"0\" data-wf-caas-uuid=\"639a49bc-7c78-40a7-8161-7b2d18258e13\" data-ylk=\"itc:0;elm:hdln;elmt:ct;bpos:1;cpos:3;cposy:8;p_sys:jarvis;rspns:nav;t1:a3;t2:strm;t3:ct;ccode:ntk_assetlist_unified__es-US__news__default__default__desktop__ga__noSplit;ct:story;g:639a49bc-7c78-40a7-8161-7b2d18258e13;grpt:singlestory;pkgt:orphan_img;pos:1;cnt_tpc:Sports;slk:Triatleta mexicana sacrifica su puesto para ayudar a otra competidora que se hab\u00eda ca\u00eddo;\" data-rapid_p=\"4\" data-v9y=\"1\">Triatleta mexicana sacrifica su puesto para ayudar a otra competidora que se hab\u00eda ca\u00eddo<u class=\"StretchedBox\"><\/u><\/a><\/h3>\n<p class=\"finance-ticker-fetch-success_D(n) LineClamp(2,40px) sub-upsell-fetch-success_D(n) Fz(14px) Lh(1.43) C(--batcave) Mb(4px) Mend(50px) Mt(2px) Bxz(bb) Wob($break-word)\" data-test-locator=\"stream-item-summary\">Viviana Cramer se cay\u00f3 cuando estaba a pocos metros de llegar a la meta, por lo que la competidora Gabriela Urias no dud\u00f3 ni un segundo y la llev\u00f3 hasta el final.<\/p>\n<div class=\"Fz(12px) D(f) Ai(c) C(--battleship)\"><\/div>\n<\/div>\n<\/div>\n<div class=\"drawer-fetch-boundary Pos(r)\">\n<div class=\"drawer-adfeedback-wrapper-639a49bc-7c78-40a7-8161-7b2d18258e13\"><\/div>\n<div class=\"adfeedback-dialog\"><\/div>\n<\/div>\n<\/li>\n<li class=\"stream-item js-stream-content Bgc(t) Pos(r) Mb(24px)\" data-uuid=\"b472c246-7917-3e1f-9941-27310be4b016\" data-cpos=\"4\" data-cposy=\"9\" data-i13n-cfg=\"{&quot;bpos&quot;:1,&quot;categoryLabel&quot;:&quot;Sports&quot;,&quot;cpos&quot;:4,&quot;cposy&quot;:9}\" data-test-locator=\"stream-item\">\n<div class=\"Pos(r) D(f)\">\n<div class=\"Mend(20px) Flxb(1) Pos(r)\"><a class=\"H(0) T(0px) Bdrs(8px) Start(0) D(b) Td(n) W(268px) Ov(h)\" tabindex=\"-1\" href=\"https:\/\/es-us.noticias.yahoo.com\/uni%C3%B3n-barracas-central-calco-golazo-003524272.html\" data-test-locator=\"stream-item-image\" data-ylk=\"itc:0;elm:img;elmt:ct;imgt:ss;bpos:1;cpos:4;cposy:9;p_sys:jarvis;rspns:nav;t1:a3;t2:strm;t3:ct;ccode:ntk_assetlist_unified__es-US__news__default__default__desktop__ga__noSplit;ct:story;g:b472c246-7917-3e1f-9941-27310be4b016;grpt:singlestory;pkgt:orphan_img;pos:1;cnt_tpc:Sports;slk:Uni\u00f3n - Barracas Central: el calco-golazo de Mosqueira (como le hab\u00eda marcado a Racing) y el blooper del arquero en el 2-0 de Domina;\" aria-hidden=\"true\" data-rapid_p=\"5\" data-v9y=\"1\"><img loading=\"lazy\" decoding=\"async\" class=\"\" src=\"https:\/\/s.yimg.com\/uu\/api\/res\/1.2\/B6rzgnRp79Ipi1hHt2EHZQ--~B\/Zmk9c3RyaW07aD0yODQ7cT04MDt3PTUzNjthcHBpZD15dGFjaHlvbg--\/https:\/\/media.zenfs.com\/es\/lanacion.com.ar\/cade681f411f762b00b51a10994e024e.cf.webp\" alt=\"\" width=\"268\" height=\"142\" data-test-locator=\"stream-item-image\" \/><\/a><\/div>\n<div class=\"D(f) Fld(c) Fxg(1) Miw(0)\">\n<h3 class=\"LineClamp(2,2.6em) Mend(50px) Mb(4px) Lh(1.33) Fz(18px) Fz(16px)--maw1024 Fw(b) stream-item-title\" data-test-locator=\"stream-item-title\"><a class=\"stream-title D(b) Td(n) Td(n):f C(--batcave) C($streamBrandHoverClass):h C($streamBrandHoverClass):fv\" href=\"https:\/\/es-us.noticias.yahoo.com\/uni%C3%B3n-barracas-central-calco-golazo-003524272.html\" data-uuid=\"b472c246-7917-3e1f-9941-27310be4b016\" data-wf-caas-prefetch=\"0\" data-wf-caas-uuid=\"b472c246-7917-3e1f-9941-27310be4b016\" data-ylk=\"itc:0;elm:hdln;elmt:ct;bpos:1;cpos:4;cposy:9;p_sys:jarvis;rspns:nav;t1:a3;t2:strm;t3:ct;ccode:ntk_assetlist_unified__es-US__news__default__default__desktop__ga__noSplit;ct:story;g:b472c246-7917-3e1f-9941-27310be4b016;grpt:singlestory;pkgt:orphan_img;pos:1;cnt_tpc:Sports;slk:Uni\u00f3n - Barracas Central: el calco-golazo de Mosqueira (como le hab\u00eda marcado a Racing) y el blooper del arquero en el 2-0 de Domina;\" data-rapid_p=\"6\" data-v9y=\"1\">Uni\u00f3n &#8211; Barracas Central: el calco-golazo de Mosqueira (como le hab\u00eda marcado a Racing) y el blooper del arquero en el 2-0 de Domina<u class=\"StretchedBox\"><\/u><\/a><\/h3>\n<p class=\"finance-ticker-fetch-success_D(n) LineClamp(2,40px) sub-upsell-fetch-success_D(n) Fz(14px) Lh(1.43) C(--batcave) Mb(4px) Mend(50px) Mt(2px) Bxz(bb) Wob($break-word)\" data-test-locator=\"stream-item-summary\">El equipo del Kily Gonz\u00e1lez se impuso en Santa Fe y pelea por ingresar en la Copa Sudamericana<\/p>\n<div class=\"Fz(12px) D(f) Ai(c) C(--battleship)\"><\/div>\n<\/div>\n<\/div>\n<div class=\"drawer-fetch-boundary Pos(r)\">\n<div class=\"drawer-adfeedback-wrapper-b472c246-7917-3e1f-9941-27310be4b016\"><\/div>\n<div class=\"adfeedback-dialog\"><\/div>\n<\/div>\n<\/li>\n<li class=\"stream-item js-stream-content Bgc(t) Pos(r) Mb(24px)\" data-uuid=\"e5f3ae7d-caad-3138-871b-fcd6b3810ba6\" data-cpos=\"6\" data-cposy=\"11\" data-i13n-cfg=\"{&quot;bpos&quot;:1,&quot;categoryLabel&quot;:&quot;Sports&quot;,&quot;cpos&quot;:6,&quot;cposy&quot;:11}\" data-test-locator=\"stream-item\">\n<div class=\"Pos(r) D(f)\">\n<div class=\"Mend(20px) Flxb(1) Pos(r)\"><a class=\"H(0) T(0px) Bdrs(8px) Start(0) D(b) Td(n) W(268px) Ov(h)\" tabindex=\"-1\" href=\"https:\/\/es-us.noticias.yahoo.com\/deportes\/nicol%C3%A1s-casal%C3%A1nguida-cree-calendario-largo-003323755.html\" data-test-locator=\"stream-item-image\" data-ylk=\"itc:0;elm:img;elmt:ct;imgt:ss;bpos:1;cpos:6;cposy:11;p_sys:jarvis;rspns:nav;t1:a3;t2:strm;t3:ct;ccode:ntk_assetlist_unified__es-US__news__default__default__desktop__ga__noSplit;ct:story;g:e5f3ae7d-caad-3138-871b-fcd6b3810ba6;grpt:singlestory;pkgt:orphan_img;pos:1;cnt_tpc:Sports;slk:Nicol\u00e1s Casal\u00e1nguida cree que un calendario m\u00e1s largo har\u00eda a la LNBP la mejor de Am\u00e9rica;\" aria-hidden=\"true\" data-rapid_p=\"7\" data-v9y=\"1\"><img loading=\"lazy\" decoding=\"async\" src=\"https:\/\/s.yimg.com\/uu\/api\/res\/1.2\/MtP5tsOo7.1zriKjnxYHRA--~B\/Zmk9c3RyaW07aD0yODQ7cT04MDt3PTUzNjthcHBpZD15dGFjaHlvbg--\/https:\/\/media.zenfs.com\/es\/efe.es\/b960ef15e1a6be88ae668b27c0fba71e.cf.webp\" alt=\"\" width=\"268\" height=\"142\" data-test-locator=\"stream-item-image\" \/><\/a><\/div>\n<div class=\"D(f) Fld(c) Fxg(1) Miw(0)\">\n<h3 class=\"LineClamp(2,2.6em) Mend(50px) Mb(4px) Lh(1.33) Fz(18px) Fz(16px)--maw1024 Fw(b) stream-item-title\" data-test-locator=\"stream-item-title\"><a class=\"stream-title D(b) Td(n) Td(n):f C(--batcave) C($streamBrandHoverClass):h C($streamBrandHoverClass):fv\" href=\"https:\/\/es-us.noticias.yahoo.com\/deportes\/nicol%C3%A1s-casal%C3%A1nguida-cree-calendario-largo-003323755.html\" data-uuid=\"e5f3ae7d-caad-3138-871b-fcd6b3810ba6\" data-wf-caas-prefetch=\"0\" data-wf-caas-uuid=\"e5f3ae7d-caad-3138-871b-fcd6b3810ba6\" data-ylk=\"itc:0;elm:hdln;elmt:ct;bpos:1;cpos:6;cposy:11;p_sys:jarvis;rspns:nav;t1:a3;t2:strm;t3:ct;ccode:ntk_assetlist_unified__es-US__news__default__default__desktop__ga__noSplit;ct:story;g:e5f3ae7d-caad-3138-871b-fcd6b3810ba6;grpt:singlestory;pkgt:orphan_img;pos:1;cnt_tpc:Sports;slk:Nicol\u00e1s Casal\u00e1nguida cree que un calendario m\u00e1s largo har\u00eda a la LNBP la mejor de Am\u00e9rica;\" data-rapid_p=\"8\" data-v9y=\"1\">Nicol\u00e1s Casal\u00e1nguida cree que un calendario m\u00e1s largo har\u00eda a la LNBP la mejor de Am\u00e9rica<u class=\"StretchedBox\"><\/u><\/a><\/h3>\n<p class=\"finance-ticker-fetch-success_D(n) LineClamp(2,40px) sub-upsell-fetch-success_D(n) Fz(14px) Lh(1.43) C(--batcave) Mb(4px) Mend(50px) Mt(2px) Bxz(bb) Wob($break-word)\" data-test-locator=\"stream-item-summary\">M\u00e9xico, 27 may (EFE).- El argentino Nicol\u00e1s Casal\u00e1nguida, entrenador de los Diablos Rojos de M\u00e9xico, asegur\u00f3 este lunes que con un calendario m\u00e1s largo la Liga Nacional mexicana de Baloncesto Profesional (LNBP) ser\u00eda la mejor de Am\u00e9rica.<\/p>\n<div class=\"Fz(12px) D(f) Ai(c) C(--battleship)\"><\/div>\n<\/div>\n<\/div>\n<div class=\"drawer-fetch-boundary Pos(r)\">\n<div class=\"drawer-adfeedback-wrapper-e5f3ae7d-caad-3138-871b-fcd6b3810ba6\"><\/div>\n<div class=\"adfeedback-dialog\"><\/div>\n<\/div>\n<div class=\"Pos(r) D(f)\">\n<div class=\"D(f) Fld(c) Fxg(1) Miw(0)\"><\/div>\n<\/div>\n<div class=\"drawer-fetch-boundary Pos(r)\">\n<div class=\"drawer-adfeedback-wrapper-137e68f6-ec29-4d9f-ba50-5d91f4463d85\"><\/div>\n<div class=\"adfeedback-dialog\"><\/div>\n<\/div>\n<div class=\"Pos(r) D(f)\">\n<div class=\"Mend(20px) Flxb(1) Pos(r)\"><\/div>\n<div class=\"D(f) Fld(c) Fxg(1) Miw(0)\">\n<div class=\"Fz(12px) D(f) Ai(c) C(--battleship)\"><\/div>\n<\/div>\n<\/div>\n<div class=\"drawer-fetch-boundary Pos(r)\">\n<div class=\"drawer-adfeedback-wrapper-14e7481d-9fb3-37ec-aa18-eb96b3bcbe19\"><\/div>\n<div class=\"adfeedback-dialog\"><\/div>\n<\/div>\n<\/li>\n<li class=\"stream-item js-stream-content Bgc(t) Pos(r) Mb(24px)\" data-uuid=\"b4a46c4b-09c3-4552-bb25-a8ca7d6fc7dc\" data-cpos=\"10\" data-cposy=\"15\" data-i13n-cfg=\"{&quot;bpos&quot;:1,&quot;categoryLabel&quot;:&quot;Sports&quot;,&quot;cpos&quot;:10,&quot;cposy&quot;:15}\" data-test-locator=\"stream-item\">\n<div class=\"Pos(r) D(f)\">\n<div class=\"Mend(20px) Flxb(1) Pos(r)\"><a class=\"H(0) T(0px) Bdrs(8px) Start(0) D(b) Td(n) W(268px) Ov(h)\" tabindex=\"-1\" href=\"https:\/\/es-us.noticias.yahoo.com\/checo-perez-y-la-dificil-vida-de-tener-como-companero-a-verstappen-no-hay-lugar-para-el-001824781.html\" data-test-locator=\"stream-item-image\" data-ylk=\"itc:0;elm:img;elmt:ct;imgt:ss;bpos:1;cpos:10;cposy:15;p_sys:jarvis;rspns:nav;t1:a3;t2:strm;t3:ct;ccode:ntk_assetlist_unified__es-US__news__default__default__desktop__ga__noSplit;ct:story;g:b4a46c4b-09c3-4552-bb25-a8ca7d6fc7dc;grpt:singlestory;pkgt:orphan_img;pos:1;cnt_tpc:Sports;slk:Checo P\u00e9rez y la dif\u00edcil vida de tener como compa\u00f1ero a Verstappen: no hay lugar para \u00e9l;\" aria-hidden=\"true\" data-rapid_p=\"13\" data-v9y=\"1\"><img loading=\"lazy\" decoding=\"async\" src=\"https:\/\/s.yimg.com\/uu\/api\/res\/1.2\/a4depOQ8Gp1fC2o_IzMniw--~B\/Zmk9c3RyaW07aD0yODQ7cT04MDt3PTUzNjthcHBpZD15dGFjaHlvbg--\/https:\/\/s.yimg.com\/os\/creatr-uploaded-images\/2024-05\/d985f830-1a7b-11ef-b337-e1c8f23e26a9.cf.webp\" alt=\"\" width=\"268\" height=\"142\" data-test-locator=\"stream-item-image\" \/><\/a><\/div>\n<div class=\"D(f) Fld(c) Fxg(1) Miw(0)\">\n<h3 class=\"LineClamp(2,2.6em) Mend(50px) Mb(4px) Lh(1.33) Fz(18px) Fz(16px)--maw1024 Fw(b) stream-item-title\" data-test-locator=\"stream-item-title\"><a class=\"stream-title D(b) Td(n) Td(n):f C(--batcave) C($streamBrandHoverClass):h C($streamBrandHoverClass):fv\" href=\"https:\/\/es-us.noticias.yahoo.com\/checo-perez-y-la-dificil-vida-de-tener-como-companero-a-verstappen-no-hay-lugar-para-el-001824781.html\" data-uuid=\"b4a46c4b-09c3-4552-bb25-a8ca7d6fc7dc\" data-wf-caas-prefetch=\"0\" data-wf-caas-uuid=\"b4a46c4b-09c3-4552-bb25-a8ca7d6fc7dc\" data-ylk=\"itc:0;elm:hdln;elmt:ct;bpos:1;cpos:10;cposy:15;p_sys:jarvis;rspns:nav;t1:a3;t2:strm;t3:ct;ccode:ntk_assetlist_unified__es-US__news__default__default__desktop__ga__noSplit;ct:story;g:b4a46c4b-09c3-4552-bb25-a8ca7d6fc7dc;grpt:singlestory;pkgt:orphan_img;pos:1;cnt_tpc:Sports;slk:Checo P\u00e9rez y la dif\u00edcil vida de tener como compa\u00f1ero a Verstappen: no hay lugar para \u00e9l;\" data-rapid_p=\"14\" data-v9y=\"1\">Checo P\u00e9rez y la dif\u00edcil vida de tener como compa\u00f1ero a Verstappen: no hay lugar para \u00e9l<u class=\"StretchedBox\"><\/u><\/a><\/h3>\n<p class=\"finance-ticker-fetch-success_D(n) LineClamp(2,40px) sub-upsell-fetch-success_D(n) Fz(14px) Lh(1.43) C(--batcave) Mb(4px) Mend(50px) Mt(2px) Bxz(bb) Wob($break-word)\" data-test-locator=\"stream-item-summary\">El mexicano ha tenido que acostumbrarse a que la prioridad sea Verstappen. No hay mucho que hacer.<\/p>\n<div class=\"Fz(12px) D(f) Ai(c) C(--battleship)\"><\/div>\n<\/div>\n<\/div>\n<div class=\"drawer-fetch-boundary Pos(r)\"><\/div>\n<\/li>\n<li class=\"stream-item js-stream-content Bgc(t) Pos(r) Mb(24px)\" data-uuid=\"d46c4451-1729-317a-8846-0bad9f892b3e\" data-cpos=\"11\" data-cposy=\"16\" data-i13n-cfg=\"{&quot;bpos&quot;:1,&quot;categoryLabel&quot;:&quot;Politics&quot;,&quot;cpos&quot;:11,&quot;cposy&quot;:16}\" data-test-locator=\"stream-item\">\n<div class=\"Pos(r) D(f)\">\n<div class=\"D(f) Fld(c) Fxg(1) Miw(0)\">\n<div class=\"Fz(12px) D(f) Ai(c) C(--battleship)\"><\/div>\n<\/div>\n<\/div>\n<div class=\"drawer-fetch-boundary Pos(r)\">\n<div class=\"drawer-adfeedback-wrapper-d46c4451-1729-317a-8846-0bad9f892b3e\"><\/div>\n<div class=\"adfeedback-dialog\"><\/div>\n<\/div>\n<\/li>\n<li class=\"stream-item js-stream-content Bgc(t) Pos(r) Mb(24px)\" data-uuid=\"29c390fc-cca3-3c6d-b787-6a79afcff85d\" data-cpos=\"12\" data-cposy=\"17\" data-i13n-cfg=\"{&quot;bpos&quot;:1,&quot;categoryLabel&quot;:&quot;Sports&quot;,&quot;cpos&quot;:12,&quot;cposy&quot;:17}\" data-test-locator=\"stream-item\">\n<div class=\"Pos(r) D(f)\">\n<div class=\"Mend(20px) Flxb(1) Pos(r)\"><a class=\"H(0) T(0px) Bdrs(8px) Start(0) D(b) Td(n) W(268px) Ov(h)\" tabindex=\"-1\" href=\"https:\/\/es-us.noticias.yahoo.com\/deportes\/mat%C3%ADas-vecino-federico-vi%C3%B1as-bajas-232111050.html\" data-test-locator=\"stream-item-image\" data-ylk=\"itc:0;elm:img;elmt:ct;imgt:ss;bpos:1;cpos:12;cposy:17;p_sys:jarvis;rspns:nav;t1:a3;t2:strm;t3:ct;ccode:ntk_assetlist_unified__es-US__news__default__default__desktop__ga__noSplit;ct:story;g:29c390fc-cca3-3c6d-b787-6a79afcff85d;grpt:singlestory;pkgt:orphan_img;pos:1;cnt_tpc:Sports;slk:Mat\u00edas Vecino y Federico Vi\u00f1as, bajas de la Celeste para la Copa Am\u00e9rica;\" aria-hidden=\"true\" data-rapid_p=\"17\" data-v9y=\"1\"><img loading=\"lazy\" decoding=\"async\" src=\"https:\/\/s.yimg.com\/uu\/api\/res\/1.2\/PJNx4KjK5yGu0EqhJxLqPg--~B\/Zmk9c3RyaW07aD0yODQ7cT04MDt3PTUzNjthcHBpZD15dGFjaHlvbg--\/https:\/\/media.zenfs.com\/es\/es.afp.com\/67157f35c7c73b7d4a7ea95ff86ca739.cf.webp\" alt=\"\" width=\"268\" height=\"142\" data-test-locator=\"stream-item-image\" \/><\/a><\/div>\n<div class=\"D(f) Fld(c) Fxg(1) Miw(0)\">\n<div class=\"Fz(12px) D(f) C(--battleship) Mb(4px)\"><a class=\"stream-title D(b) Td(n) Td(n):f C(--batcave) C($streamBrandHoverClass):h C($streamBrandHoverClass):fv\" href=\"https:\/\/es-us.noticias.yahoo.com\/deportes\/mat%C3%ADas-vecino-federico-vi%C3%B1as-bajas-232111050.html\" data-uuid=\"29c390fc-cca3-3c6d-b787-6a79afcff85d\" data-wf-caas-prefetch=\"0\" data-wf-caas-uuid=\"29c390fc-cca3-3c6d-b787-6a79afcff85d\" data-ylk=\"itc:0;elm:hdln;elmt:ct;bpos:1;cpos:12;cposy:17;p_sys:jarvis;rspns:nav;t1:a3;t2:strm;t3:ct;ccode:ntk_assetlist_unified__es-US__news__default__default__desktop__ga__noSplit;ct:story;g:29c390fc-cca3-3c6d-b787-6a79afcff85d;grpt:singlestory;pkgt:orphan_img;pos:1;cnt_tpc:Sports;slk:Mat\u00edas Vecino y Federico Vi\u00f1as, bajas de la Celeste para la Copa Am\u00e9rica;\" data-rapid_p=\"18\" data-v9y=\"1\">Mat\u00edas Vecino y Federico Vi\u00f1as, bajas de la Celeste para la Copa Am\u00e9rica<u class=\"StretchedBox\"><\/u><\/a><\/div>\n<p class=\"finance-ticker-fetch-success_D(n) LineClamp(2,40px) sub-upsell-fetch-success_D(n) Fz(14px) Lh(1.43) C(--batcave) Mb(4px) Mend(50px) Mt(2px) Bxz(bb) Wob($break-word)\" data-test-locator=\"stream-item-summary\">La selecci\u00f3n uruguaya, que dirige el argentino Marcelo Bielsa, perdi\u00f3 a dos jugadores para la Copa Am\u00e9rica de Estados Unidos-2024, por la renuncia de Mat\u00edas Vecino aduciendo el fin de una etapa y la baja por lesi\u00f3n de Federico Vi\u00f1as.La Asociaci\u00f3n Uruguaya de F\u00fatbol (AUF) comunic\u00f3 por otra parte que Vi\u00f1as, delantero del Le\u00f3n\u00a0mexicano, \u00abqued\u00f3 desafectado de la preparaci\u00f3n\u00bb para jugar la Copa Am\u00e9rica, que se disputar\u00e1 en Estados Unidos desde el 20 de junio hasta el 14 de julio.<\/p>\n<div class=\"Fz(12px) D(f) Ai(c) C(--battleship)\"><\/div>\n<\/div>\n<\/div>\n<div class=\"drawer-fetch-boundary Pos(r)\">\n<div class=\"drawer-adfeedback-wrapper-29c390fc-cca3-3c6d-b787-6a79afcff85d\"><\/div>\n<div class=\"adfeedback-dialog\"><\/div>\n<\/div>\n<div class=\"Pos(r) D(f)\">\n<div class=\"Mend(20px) Flxb(1) Pos(r)\"><a class=\"H(0) T(0px) Bdrs(8px) Start(0) D(b) Td(n) W(268px) Ov(h)\" tabindex=\"-1\" href=\"https:\/\/es-us.noticias.yahoo.com\/deportes\/mass%C3%BA-gonz%C3%A1lez-reeditar%C3%A1n-duelos-ol%C3%ADmpicos-231220115.html\" data-test-locator=\"stream-item-image\" data-ylk=\"itc:0;elm:img;elmt:ct;imgt:ss;bpos:1;cpos:14;cposy:19;p_sys:jarvis;rspns:nav;t1:a3;t2:strm;t3:ct;ccode:ntk_assetlist_unified__es-US__news__default__default__desktop__ga__noSplit;ct:story;g:0e9a759e-43b0-34c4-b729-2c19d3108a78;grpt:singlestory;pkgt:orphan_img;pos:1;cnt_tpc:Sports;slk:Mass\u00fa y Gonz\u00e1lez reeditar\u00e1n los duelos ol\u00edmpicos ante Fish y Dent a 20 a\u00f1os de Atenas 2004;\" aria-hidden=\"true\" data-rapid_p=\"19\" data-v9y=\"1\"><img loading=\"lazy\" decoding=\"async\" src=\"https:\/\/s.yimg.com\/uu\/api\/res\/1.2\/.wS.r5z7nCU5OXSkldaAGQ--~B\/Zmk9c3RyaW07aD0yODQ7cT04MDt3PTUzNjthcHBpZD15dGFjaHlvbg--\/https:\/\/media.zenfs.com\/es\/efe.es\/b18c796a324ad995c1892796dfbbe2a8.cf.webp\" alt=\"\" width=\"268\" height=\"142\" data-test-locator=\"stream-item-image\" \/><\/a><\/div>\n<div class=\"D(f) Fld(c) Fxg(1) Miw(0)\">\n<h3 class=\"LineClamp(2,2.6em) Mend(50px) Mb(4px) Lh(1.33) Fz(18px) Fz(16px)--maw1024 Fw(b) stream-item-title\" data-test-locator=\"stream-item-title\"><a class=\"stream-title D(b) Td(n) Td(n):f C(--batcave) C($streamBrandHoverClass):h C($streamBrandHoverClass):fv\" href=\"https:\/\/es-us.noticias.yahoo.com\/deportes\/mass%C3%BA-gonz%C3%A1lez-reeditar%C3%A1n-duelos-ol%C3%ADmpicos-231220115.html\" data-uuid=\"0e9a759e-43b0-34c4-b729-2c19d3108a78\" data-wf-caas-prefetch=\"0\" data-wf-caas-uuid=\"0e9a759e-43b0-34c4-b729-2c19d3108a78\" data-ylk=\"itc:0;elm:hdln;elmt:ct;bpos:1;cpos:14;cposy:19;p_sys:jarvis;rspns:nav;t1:a3;t2:strm;t3:ct;ccode:ntk_assetlist_unified__es-US__news__default__default__desktop__ga__noSplit;ct:story;g:0e9a759e-43b0-34c4-b729-2c19d3108a78;grpt:singlestory;pkgt:orphan_img;pos:1;cnt_tpc:Sports;slk:Mass\u00fa y Gonz\u00e1lez reeditar\u00e1n los duelos ol\u00edmpicos ante Fish y Dent a 20 a\u00f1os de Atenas 2004;\" data-rapid_p=\"20\" data-v9y=\"1\">Mass\u00fa y Gonz\u00e1lez reeditar\u00e1n los duelos ol\u00edmpicos ante Fish y Dent a 20 a\u00f1os de Atenas 2004<u class=\"StretchedBox\"><\/u><\/a><\/h3>\n<p class=\"finance-ticker-fetch-success_D(n) LineClamp(2,40px) sub-upsell-fetch-success_D(n) Fz(14px) Lh(1.43) C(--batcave) Mb(4px) Mend(50px) Mt(2px) Bxz(bb) Wob($break-word)\" data-test-locator=\"stream-item-summary\">Santiago de Chile, 27 may (EFE).- Los tenistas chilenos Nicol\u00e1s Mass\u00fa y Fernando Gonz\u00e1lez anunciaron este lunes que reeditar\u00e1n sus respectivos duelos ante los estadounidenses Mardy Fish y Taylor Dent con los que ganaron medallas ol\u00edmpicas en Atenas 2004, en partidos de exhibici\u00f3n el pr\u00f3ximo 20 de agosto en la capital chilena.<\/p>\n<div class=\"Fz(12px) D(f) Ai(c) C(--battleship)\"><\/div>\n<\/div>\n<\/div>\n<div class=\"drawer-fetch-boundary Pos(r)\">\n<div class=\"drawer-adfeedback-wrapper-0e9a759e-43b0-34c4-b729-2c19d3108a78\"><\/div>\n<\/div>\n<div class=\"Pos(r) D(f)\">\n<div class=\"D(f) Fld(c) Fxg(1) Miw(0)\">\n<div class=\"Fz(12px) D(f) Ai(c) C(--battleship)\"><\/div>\n<\/div>\n<\/div>\n<div class=\"drawer-fetch-boundary Pos(r)\">\n<div class=\"drawer-adfeedback-wrapper-69db2973-72ad-3964-8121-3f04d9b8205e\"><\/div>\n<div class=\"adfeedback-dialog\"><\/div>\n<\/div>\n<div class=\"Pos(r) D(f)\">\n<div class=\"Mend(20px) Flxb(1) Pos(r)\"><a class=\"H(0) T(0px) Bdrs(8px) Start(0) D(b) Td(n) W(268px) Ov(h)\" tabindex=\"-1\" href=\"https:\/\/es-us.noticias.yahoo.com\/deportes\/haddad-cierra-pleno-derrotas-brasile%C3%B1as-230437677.html\" data-test-locator=\"stream-item-image\" data-ylk=\"itc:0;elm:img;elmt:ct;imgt:ss;bpos:2;cpos:16;cposy:21;p_sys:jarvis;rspns:nav;t1:a3;t2:strm;t3:ct;ccode:ntk_assetlist_unified__es-US__news__default__default__desktop__ga__noSplit;ct:story;g:c1395370-f068-3d32-9a2c-187f6a48ae1e;grpt:singlestory;pkgt:orphan_img;pos:1;cnt_tpc:Sports;slk:Haddad cierra el pleno de derrotas brasile\u00f1as en Roland Garros;\" aria-hidden=\"true\" data-rapid_p=\"23\" data-v9y=\"1\"><img loading=\"lazy\" decoding=\"async\" class=\"\" src=\"https:\/\/s.yimg.com\/uu\/api\/res\/1.2\/WPvAA.acQmeENes43Cyigw--~B\/Zmk9c3RyaW07aD0yODQ7cT04MDt3PTUzNjthcHBpZD15dGFjaHlvbg--\/https:\/\/media.zenfs.com\/es\/efe.es\/e61ad75098957185f228b6eb24efbc42.cf.webp\" alt=\"\" width=\"268\" height=\"142\" data-test-locator=\"stream-item-image\" \/><\/a><\/div>\n<div class=\"D(f) Fld(c) Fxg(1) Miw(0)\">\n<h3 class=\"LineClamp(2,2.6em) Mend(50px) Mb(4px) Lh(1.33) Fz(18px) Fz(16px)--maw1024 Fw(b) stream-item-title\" data-test-locator=\"stream-item-title\"><a class=\"stream-title D(b) Td(n) Td(n):f C(--batcave) C($streamBrandHoverClass):h C($streamBrandHoverClass):fv\" href=\"https:\/\/es-us.noticias.yahoo.com\/deportes\/haddad-cierra-pleno-derrotas-brasile%C3%B1as-230437677.html\" data-uuid=\"c1395370-f068-3d32-9a2c-187f6a48ae1e\" data-wf-caas-prefetch=\"0\" data-wf-caas-uuid=\"c1395370-f068-3d32-9a2c-187f6a48ae1e\" data-ylk=\"itc:0;elm:hdln;elmt:ct;bpos:2;cpos:16;cposy:21;p_sys:jarvis;rspns:nav;t1:a3;t2:strm;t3:ct;ccode:ntk_assetlist_unified__es-US__news__default__default__desktop__ga__noSplit;ct:story;g:c1395370-f068-3d32-9a2c-187f6a48ae1e;grpt:singlestory;pkgt:orphan_img;pos:1;cnt_tpc:Sports;slk:Haddad cierra el pleno de derrotas brasile\u00f1as en Roland Garros;\" data-rapid_p=\"24\" data-v9y=\"1\">Haddad cierra el pleno de derrotas brasile\u00f1as en Roland Garros<u class=\"StretchedBox\"><\/u><\/a><\/h3>\n<p class=\"finance-ticker-fetch-success_D(n) LineClamp(2,40px) sub-upsell-fetch-success_D(n) Fz(14px) Lh(1.43) C(--batcave) Mb(4px) Mend(50px) Mt(2px) Bxz(bb) Wob($break-word)\" data-test-locator=\"stream-item-summary\">Par\u00eds, 27 may (EFE).- La brasile\u00f1a Beatriz Haddad, flamante semifinalista de la pasada edici\u00f3n de Roland Garros, cay\u00f3 este lunes en su debut en el segundo Grand Slam de la temporada ante la italiana Elisabetta Cocciaretto, de 23 a\u00f1os y 51 del mundo, por 3-6, 6-4 y 6-1.<\/p>\n<div class=\"Fz(12px) D(f) Ai(c) C(--battleship)\"><\/div>\n<\/div>\n<\/div>\n<div class=\"drawer-fetch-boundary Pos(r)\">\n<div class=\"drawer-adfeedback-wrapper-c1395370-f068-3d32-9a2c-187f6a48ae1e\"><\/div>\n<div class=\"adfeedback-dialog\"><\/div>\n<\/div>\n<\/li>\n<li class=\"stream-item js-stream-content Bgc(t) Pos(r) Mb(24px)\" data-uuid=\"b8bbed42-f4e4-311e-b2b5-040c192effd5\" data-cpos=\"18\" data-cposy=\"23\" data-i13n-cfg=\"{&quot;bpos&quot;:2,&quot;categoryLabel&quot;:&quot;Sports&quot;,&quot;cpos&quot;:18,&quot;cposy&quot;:23}\" data-test-locator=\"stream-item\">\n<div class=\"Pos(r) D(f)\">\n<div class=\"Mend(20px) Flxb(1) Pos(r)\"><a class=\"H(0) T(0px) Bdrs(8px) Start(0) D(b) Td(n) W(268px) Ov(h)\" tabindex=\"-1\" href=\"https:\/\/es-us.noticias.yahoo.com\/deportes\/liga-brasile%C3%B1a-f%C3%BAtbol-reanudar%C3%A1-s%C3%A1bado-225946073.html\" data-test-locator=\"stream-item-image\" data-ylk=\"itc:0;elm:img;elmt:ct;imgt:ss;bpos:2;cpos:18;cposy:23;p_sys:jarvis;rspns:nav;t1:a3;t2:strm;t3:ct;ccode:ntk_assetlist_unified__es-US__news__default__default__desktop__ga__noSplit;ct:story;g:b8bbed42-f4e4-311e-b2b5-040c192effd5;grpt:singlestory;pkgt:orphan_img;pos:1;cnt_tpc:Sports;slk:La Liga brasile\u00f1a de f\u00fatbol se reanudar\u00e1 el s\u00e1bado, tras el par\u00f3n por las graves inundaciones;\" aria-hidden=\"true\" data-rapid_p=\"25\" data-v9y=\"1\"><img loading=\"lazy\" decoding=\"async\" class=\"\" src=\"https:\/\/s.yimg.com\/uu\/api\/res\/1.2\/cIie3k6hwrlsePwsAf4w9Q--~B\/Zmk9c3RyaW07aD0yODQ7cT04MDt3PTUzNjthcHBpZD15dGFjaHlvbg--\/https:\/\/media.zenfs.com\/es\/efe.es\/8e0982daf16799f1b2aa14e1fe4cf186.cf.webp\" alt=\"\" width=\"268\" height=\"142\" data-test-locator=\"stream-item-image\" \/><\/a><\/div>\n<div class=\"D(f) Fld(c) Fxg(1) Miw(0)\">\n<h3 class=\"LineClamp(2,2.6em) Mend(50px) Mb(4px) Lh(1.33) Fz(18px) Fz(16px)--maw1024 Fw(b) stream-item-title\" data-test-locator=\"stream-item-title\"><a class=\"stream-title D(b) Td(n) Td(n):f C(--batcave) C($streamBrandHoverClass):h C($streamBrandHoverClass):fv\" href=\"https:\/\/es-us.noticias.yahoo.com\/deportes\/liga-brasile%C3%B1a-f%C3%BAtbol-reanudar%C3%A1-s%C3%A1bado-225946073.html\" data-uuid=\"b8bbed42-f4e4-311e-b2b5-040c192effd5\" data-wf-caas-prefetch=\"0\" data-wf-caas-uuid=\"b8bbed42-f4e4-311e-b2b5-040c192effd5\" data-ylk=\"itc:0;elm:hdln;elmt:ct;bpos:2;cpos:18;cposy:23;p_sys:jarvis;rspns:nav;t1:a3;t2:strm;t3:ct;ccode:ntk_assetlist_unified__es-US__news__default__default__desktop__ga__noSplit;ct:story;g:b8bbed42-f4e4-311e-b2b5-040c192effd5;grpt:singlestory;pkgt:orphan_img;pos:1;cnt_tpc:Sports;slk:La Liga brasile\u00f1a de f\u00fatbol se reanudar\u00e1 el s\u00e1bado, tras el par\u00f3n por las graves inundaciones;\" data-rapid_p=\"26\" data-v9y=\"1\">La Liga brasile\u00f1a de f\u00fatbol se reanudar\u00e1 el s\u00e1bado, tras el par\u00f3n por las graves inundaciones<u class=\"StretchedBox\"><\/u><\/a><\/h3>\n<p class=\"finance-ticker-fetch-success_D(n) LineClamp(2,40px) sub-upsell-fetch-success_D(n) Fz(14px) Lh(1.43) C(--batcave) Mb(4px) Mend(50px) Mt(2px) Bxz(bb) Wob($break-word)\" data-test-locator=\"stream-item-summary\">R\u00edo de Janeiro, 27 may (EFE).- La Liga brasile\u00f1a se reanudar\u00e1 el pr\u00f3ximo s\u00e1bado despu\u00e9s de dos semanas de par\u00f3n por las inundaciones que asolaron la regi\u00f3n sur del pa\u00eds a principios de mayo, seg\u00fan inform\u00f3 este lunes la Confederaci\u00f3n Brasile\u00f1a de F\u00fatbol (CBF).<\/p>\n<div class=\"Fz(12px) D(f) Ai(c) C(--battleship)\"><\/div>\n<\/div>\n<\/div>\n<div class=\"drawer-fetch-boundary Pos(r)\">\n<div class=\"drawer-adfeedback-wrapper-b8bbed42-f4e4-311e-b2b5-040c192effd5\"><\/div>\n<div class=\"adfeedback-dialog\"><\/div>\n<\/div>\n<\/li>\n<li class=\"stream-item js-stream-content Bgc(t) Pos(r) Mb(24px)\" data-uuid=\"bfd7abac-de13-3f13-92a6-d92f6c0dd816\" data-cpos=\"19\" data-cposy=\"24\" data-i13n-cfg=\"{&quot;bpos&quot;:2,&quot;categoryLabel&quot;:&quot;Sports&quot;,&quot;cpos&quot;:19,&quot;cposy&quot;:24}\" data-test-locator=\"stream-item\">\n<div class=\"Pos(r) D(f)\">\n<div class=\"Mend(20px) Flxb(1) Pos(r)\"><a class=\"H(0) T(0px) Bdrs(8px) Start(0) D(b) Td(n) W(268px) Ov(h)\" tabindex=\"-1\" href=\"https:\/\/es-us.noticias.yahoo.com\/edinson-cavani-tecnolog%C3%ADa-f%C3%BAtbol-gol-223935239.html\" data-test-locator=\"stream-item-image\" data-ylk=\"itc:0;elm:img;elmt:ct;imgt:ss;bpos:2;cpos:19;cposy:24;p_sys:jarvis;rspns:nav;t1:a3;t2:strm;t3:ct;ccode:ntk_assetlist_unified__es-US__news__default__default__desktop__ga__noSplit;ct:story;g:bfd7abac-de13-3f13-92a6-d92f6c0dd816;grpt:singlestory;pkgt:orphan_img;pos:1;cnt_tpc:Sports;slk:Edinson Cavani, en contra de la tecnolog\u00eda en el f\u00fatbol tras el gol anulado ante Talleres: \u201cYo prefiero un f\u00fatbol sin VAR\u201d;\" aria-hidden=\"true\" data-rapid_p=\"27\" data-v9y=\"1\"><img loading=\"lazy\" decoding=\"async\" class=\"\" src=\"https:\/\/s.yimg.com\/uu\/api\/res\/1.2\/BV8eXutVHlJIKUMWxVNsBA--~B\/Zmk9c3RyaW07aD0yODQ7cT04MDt3PTUzNjthcHBpZD15dGFjaHlvbg--\/https:\/\/media.zenfs.com\/es\/lanacion.com.ar\/4e79e0ce1eda7cd8c4b7c0cbb5536f00.cf.webp\" alt=\"\" width=\"268\" height=\"142\" data-test-locator=\"stream-item-image\" \/><\/a><\/div>\n<div class=\"D(f) Fld(c) Fxg(1) Miw(0)\">\n<h3 class=\"LineClamp(2,2.6em) Mend(50px) Mb(4px) Lh(1.33) Fz(18px) Fz(16px)--maw1024 Fw(b) stream-item-title\" data-test-locator=\"stream-item-title\"><a class=\"stream-title D(b) Td(n) Td(n):f C(--batcave) C($streamBrandHoverClass):h C($streamBrandHoverClass):fv\" href=\"https:\/\/es-us.noticias.yahoo.com\/edinson-cavani-tecnolog%C3%ADa-f%C3%BAtbol-gol-223935239.html\" data-uuid=\"bfd7abac-de13-3f13-92a6-d92f6c0dd816\" data-wf-caas-prefetch=\"0\" data-wf-caas-uuid=\"bfd7abac-de13-3f13-92a6-d92f6c0dd816\" data-ylk=\"itc:0;elm:hdln;elmt:ct;bpos:2;cpos:19;cposy:24;p_sys:jarvis;rspns:nav;t1:a3;t2:strm;t3:ct;ccode:ntk_assetlist_unified__es-US__news__default__default__desktop__ga__noSplit;ct:story;g:bfd7abac-de13-3f13-92a6-d92f6c0dd816;grpt:singlestory;pkgt:orphan_img;pos:1;cnt_tpc:Sports;slk:Edinson Cavani, en contra de la tecnolog\u00eda en el f\u00fatbol tras el gol anulado ante Talleres: \u201cYo prefiero un f\u00fatbol sin VAR\u201d;\" data-rapid_p=\"28\" data-v9y=\"1\">Edinson Cavani, en contra de la tecnolog\u00eda en el f\u00fatbol tras el gol anulado ante Talleres: \u201cYo prefiero un f\u00fatbol sin VAR\u201d<u class=\"StretchedBox\"><\/u><\/a><\/h3>\n<p class=\"finance-ticker-fetch-success_D(n) LineClamp(2,40px) sub-upsell-fetch-success_D(n) Fz(14px) Lh(1.43) C(--batcave) Mb(4px) Mend(50px) Mt(2px) Bxz(bb) Wob($break-word)\" data-test-locator=\"stream-item-summary\">El delantero uruguayo descarg\u00f3 sus argumentos luego de las pol\u00e9micas del fin de semana; la lista de Mart\u00ednez para jugar ante Nacional por la Copa Sudamericana<\/p>\n<div class=\"Fz(12px) D(f) Ai(c) C(--battleship)\"><\/div>\n<\/div>\n<\/div>\n<div class=\"drawer-fetch-boundary Pos(r)\">\n<div class=\"drawer-adfeedback-wrapper-bfd7abac-de13-3f13-92a6-d92f6c0dd816\"><\/div>\n<div class=\"adfeedback-dialog\"><\/div>\n<\/div>\n<\/li>\n<li class=\"stream-item js-stream-content Bgc(t) Pos(r) Mb(24px)\" data-uuid=\"5dfb229d-91b5-3808-822f-d9cef54c96ef\" data-cpos=\"20\" data-cposy=\"25\" data-i13n-cfg=\"{&quot;bpos&quot;:2,&quot;categoryLabel&quot;:&quot;News&quot;,&quot;cpos&quot;:20,&quot;cposy&quot;:25}\" data-test-locator=\"stream-item\">\n<div class=\"Pos(r) D(f)\">\n<div class=\"Mend(20px) Flxb(1) Pos(r)\"><a class=\"H(0) T(0px) Bdrs(8px) Start(0) D(b) Td(n) W(268px) Ov(h)\" tabindex=\"-1\" href=\"https:\/\/es-us.noticias.yahoo.com\/jos-verstappen-termin%C3%B3-dominio-red-205707227.html\" data-test-locator=\"stream-item-image\" data-ylk=\"itc:0;elm:img;elmt:ct;imgt:ss;bpos:2;cpos:20;cposy:25;p_sys:jarvis;rspns:nav;t1:a3;t2:strm;t3:ct;ccode:ntk_assetlist_unified__es-US__news__default__default__desktop__ga__noSplit;ct:story;g:5dfb229d-91b5-3808-822f-d9cef54c96ef;grpt:singlestory;pkgt:orphan_img;pos:1;cnt_tpc:News;slk:Jos Verstappen dijo que se termin\u00f3 la era del dominio de Red Bull y apunt\u00f3 contra Chistian Horner;\" aria-hidden=\"true\" data-rapid_p=\"29\" data-v9y=\"1\"><img loading=\"lazy\" decoding=\"async\" class=\"\" src=\"https:\/\/s.yimg.com\/uu\/api\/res\/1.2\/4vih0HXldi3VFPH70XX4vQ--~B\/Zmk9c3RyaW07aD0yODQ7cT04MDt3PTUzNjthcHBpZD15dGFjaHlvbg--\/https:\/\/media.zenfs.com\/es\/lanacion.com.ar\/a3a90aef5ba9c6f01e321cd7af365150.cf.webp\" alt=\"\" width=\"268\" height=\"142\" data-test-locator=\"stream-item-image\" \/><\/a><\/div>\n<div class=\"D(f) Fld(c) Fxg(1) Miw(0)\">\n<h3 class=\"LineClamp(2,2.6em) Mend(50px) Mb(4px) Lh(1.33) Fz(18px) Fz(16px)--maw1024 Fw(b) stream-item-title\" data-test-locator=\"stream-item-title\"><a class=\"stream-title D(b) Td(n) Td(n):f C(--batcave) C($streamBrandHoverClass):h C($streamBrandHoverClass):fv\" href=\"https:\/\/es-us.noticias.yahoo.com\/jos-verstappen-termin%C3%B3-dominio-red-205707227.html\" data-uuid=\"5dfb229d-91b5-3808-822f-d9cef54c96ef\" data-wf-caas-prefetch=\"0\" data-wf-caas-uuid=\"5dfb229d-91b5-3808-822f-d9cef54c96ef\" data-ylk=\"itc:0;elm:hdln;elmt:ct;bpos:2;cpos:20;cposy:25;p_sys:jarvis;rspns:nav;t1:a3;t2:strm;t3:ct;ccode:ntk_assetlist_unified__es-US__news__default__default__desktop__ga__noSplit;ct:story;g:5dfb229d-91b5-3808-822f-d9cef54c96ef;grpt:singlestory;pkgt:orphan_img;pos:1;cnt_tpc:News;slk:Jos Verstappen dijo que se termin\u00f3 la era del dominio de Red Bull y apunt\u00f3 contra Chistian Horner;\" data-rapid_p=\"30\" data-v9y=\"1\">Jos Verstappen dijo que se termin\u00f3 la era del dominio de Red Bull y apunt\u00f3 contra Chistian Horner<u class=\"StretchedBox\"><\/u><\/a><\/h3>\n<p class=\"finance-ticker-fetch-success_D(n) LineClamp(2,40px) sub-upsell-fetch-success_D(n) Fz(14px) Lh(1.43) C(--batcave) Mb(4px) Mend(50px) Mt(2px) Bxz(bb) Wob($break-word)\" data-test-locator=\"stream-item-summary\">El padre del tricampe\u00f3n de la escuder\u00eda sostuvo que Ferrari y McLaren se est\u00e1n acercando; \u201cMax logr\u00f3 enmascarar un poco este problema\u201d, se\u00f1al\u00f3 y le pidi\u00f3 \u201cconcentraci\u00f3n\u201d al director de Red Bull<\/p>\n<\/div>\n<\/div>\n<div class=\"drawer-fetch-boundary Pos(r)\">\n<div class=\"drawer-adfeedback-wrapper-5dfb229d-91b5-3808-822f-d9cef54c96ef\"><\/div>\n<div class=\"adfeedback-dialog\"><\/div>\n<\/div>\n<\/li>\n<li class=\"stream-item js-stream-content Bgc(t) Pos(r) Mb(24px)\" data-uuid=\"d029e16f-c50d-3fb7-82e0-73d7ee8688f9\" data-cpos=\"22\" data-cposy=\"27\" data-i13n-cfg=\"{&quot;bpos&quot;:2,&quot;categoryLabel&quot;:&quot;Sports&quot;,&quot;cpos&quot;:22,&quot;cposy&quot;:27}\" data-test-locator=\"stream-item\">\n<div class=\"Pos(r) D(f)\">\n<div class=\"Mend(20px) Flxb(1) Pos(r)\"><a class=\"H(0) T(0px) Bdrs(8px) Start(0) D(b) Td(n) W(268px) Ov(h)\" tabindex=\"-1\" href=\"https:\/\/es-us.noticias.yahoo.com\/deportes\/rafael-nadal-deja-puerta-abierta-215930212.html\" data-test-locator=\"stream-item-image\" data-ylk=\"itc:0;elm:img;elmt:ct;imgt:ss;bpos:2;cpos:22;cposy:27;p_sys:jarvis;rspns:nav;t1:a3;t2:strm;t3:ct;ccode:ntk_assetlist_unified__es-US__news__default__default__desktop__ga__noSplit;ct:story;g:d029e16f-c50d-3fb7-82e0-73d7ee8688f9;grpt:singlestory;pkgt:orphan_img;pos:1;cnt_tpc:Sports;slk:Rafael Nadal deja la puerta abierta para su regreso al Abierto de Francia tras perder en primera ronda ante Alexander Zverev;\" aria-hidden=\"true\" data-rapid_p=\"31\" data-v9y=\"1\"><img loading=\"lazy\" decoding=\"async\" class=\"\" src=\"https:\/\/s.yimg.com\/uu\/api\/res\/1.2\/Y0PVjXCKD0nefqg63iwORg--~B\/Zmk9c3RyaW07aD0yODQ7cT04MDt3PTUzNjthcHBpZD15dGFjaHlvbg--\/https:\/\/media.zenfs.com\/es\/cnn_espanol_articles_421\/c0ae8df6b3b582f973038a71e059faa4.cf.webp\" alt=\"\" width=\"268\" height=\"142\" data-test-locator=\"stream-item-image\" \/><\/a><\/div>\n<div class=\"D(f) Fld(c) Fxg(1) Miw(0)\">\n<h3 class=\"LineClamp(2,2.6em) Mend(50px) Mb(4px) Lh(1.33) Fz(18px) Fz(16px)--maw1024 Fw(b) stream-item-title\" data-test-locator=\"stream-item-title\"><a class=\"stream-title D(b) Td(n) Td(n):f C(--batcave) C($streamBrandHoverClass):h C($streamBrandHoverClass):fv\" href=\"https:\/\/es-us.noticias.yahoo.com\/deportes\/rafael-nadal-deja-puerta-abierta-215930212.html\" data-uuid=\"d029e16f-c50d-3fb7-82e0-73d7ee8688f9\" data-wf-caas-prefetch=\"0\" data-wf-caas-uuid=\"d029e16f-c50d-3fb7-82e0-73d7ee8688f9\" data-ylk=\"itc:0;elm:hdln;elmt:ct;bpos:2;cpos:22;cposy:27;p_sys:jarvis;rspns:nav;t1:a3;t2:strm;t3:ct;ccode:ntk_assetlist_unified__es-US__news__default__default__desktop__ga__noSplit;ct:story;g:d029e16f-c50d-3fb7-82e0-73d7ee8688f9;grpt:singlestory;pkgt:orphan_img;pos:1;cnt_tpc:Sports;slk:Rafael Nadal deja la puerta abierta para su regreso al Abierto de Francia tras perder en primera ronda ante Alexander Zverev;\" data-rapid_p=\"32\" data-v9y=\"1\">Nadal puerta abierta para su regreso al Abierto de Francia tras perder en primera ronda ante Alexander Zverev<u class=\"StretchedBox\"><\/u><\/a><\/h3>\n<p class=\"finance-ticker-fetch-success_D(n) LineClamp(2,40px) sub-upsell-fetch-success_D(n) Fz(14px) Lh(1.43) C(--batcave) Mb(4px) Mend(50px) Mt(2px) Bxz(bb) Wob($break-word)\" data-test-locator=\"stream-item-summary\">En la que posiblemente sea su \u00faltima aparici\u00f3n en el Abierto de Francia Rafael Nadal fue eliminado en la primera ronda por Alexander Zverev.<\/p>\n<div class=\"Fz(12px) D(f) Ai(c) C(--battleship)\"><\/div>\n<\/div>\n<\/div>\n<div class=\"drawer-fetch-boundary Pos(r)\">\n<div class=\"drawer-adfeedback-wrapper-d029e16f-c50d-3fb7-82e0-73d7ee8688f9\"><\/div>\n<div class=\"adfeedback-dialog\"><\/div>\n<\/div>\n<\/li>\n<li class=\"stream-item js-stream-content Bgc(t) Pos(r) Mb(24px)\" data-uuid=\"f78a6697-a1d6-3e7a-9164-17b8d3e23fb4\" data-cpos=\"23\" data-cposy=\"28\" data-i13n-cfg=\"{&quot;bpos&quot;:3,&quot;categoryLabel&quot;:&quot;Sports&quot;,&quot;cpos&quot;:23,&quot;cposy&quot;:28}\" data-test-locator=\"stream-item\">\n<div class=\"Pos(r) D(f)\">\n<div class=\"Mend(20px) Flxb(1) Pos(r)\"><a class=\"H(0) T(0px) Bdrs(8px) Start(0) D(b) Td(n) W(268px) Ov(h)\" tabindex=\"-1\" href=\"https:\/\/es-us.noticias.yahoo.com\/galatasaray-mauro-icardi-sali%C3%B3-campe%C3%B3n-145529799.html\" data-test-locator=\"stream-item-image\" data-ylk=\"itc:0;elm:img;elmt:ct;imgt:ss;bpos:3;cpos:23;cposy:28;p_sys:jarvis;rspns:nav;t1:a3;t2:strm;t3:ct;ccode:ntk_assetlist_unified__es-US__news__default__default__desktop__ga__noSplit;ct:story;g:f78a6697-a1d6-3e7a-9164-17b8d3e23fb4;grpt:singlestory;pkgt:orphan_img;pos:1;cnt_tpc:Sports;slk:El Galatasaray de Mauro Icardi sali\u00f3 campe\u00f3n y Wanda Nara enloqueci\u00f3 en los festejos: \u201cMi lado barra brava\u201d;\" aria-hidden=\"true\" data-rapid_p=\"33\" data-v9y=\"1\"><img loading=\"lazy\" decoding=\"async\" class=\"\" src=\"https:\/\/s.yimg.com\/uu\/api\/res\/1.2\/WIMhqUG2tEK7QlVwdzMOwA--~B\/Zmk9c3RyaW07aD0yODQ7cT04MDt3PTUzNjthcHBpZD15dGFjaHlvbg--\/https:\/\/media.zenfs.com\/es\/lanacion.com.ar\/d11a9a0395ce85952b13668535022888.cf.webp\" alt=\"\" width=\"268\" height=\"142\" data-test-locator=\"stream-item-image\" \/><\/a><\/div>\n<div class=\"D(f) Fld(c) Fxg(1) Miw(0)\">\n<h3 class=\"LineClamp(2,2.6em) Mend(50px) Mb(4px) Lh(1.33) Fz(18px) Fz(16px)--maw1024 Fw(b) stream-item-title\" data-test-locator=\"stream-item-title\"><a class=\"stream-title D(b) Td(n) Td(n):f C(--batcave) C($streamBrandHoverClass):h C($streamBrandHoverClass):fv\" href=\"https:\/\/es-us.noticias.yahoo.com\/galatasaray-mauro-icardi-sali%C3%B3-campe%C3%B3n-145529799.html\" data-uuid=\"f78a6697-a1d6-3e7a-9164-17b8d3e23fb4\" data-wf-caas-prefetch=\"0\" data-wf-caas-uuid=\"f78a6697-a1d6-3e7a-9164-17b8d3e23fb4\" data-ylk=\"itc:0;elm:hdln;elmt:ct;bpos:3;cpos:23;cposy:28;p_sys:jarvis;rspns:nav;t1:a3;t2:strm;t3:ct;ccode:ntk_assetlist_unified__es-US__news__default__default__desktop__ga__noSplit;ct:story;g:f78a6697-a1d6-3e7a-9164-17b8d3e23fb4;grpt:singlestory;pkgt:orphan_img;pos:1;cnt_tpc:Sports;slk:El Galatasaray de Mauro Icardi sali\u00f3 campe\u00f3n y Wanda Nara enloqueci\u00f3 en los festejos: \u201cMi lado barra brava\u201d;\" data-rapid_p=\"34\" data-v9y=\"1\">El Galatasaray de Mauro Icardi sali\u00f3 campe\u00f3n y Wanda Nara enloqueci\u00f3 en los festejos: \u201cMi lado barra brava\u201d<u class=\"StretchedBox\"><\/u><\/a><\/h3>\n<p class=\"finance-ticker-fetch-success_D(n) LineClamp(2,40px) sub-upsell-fetch-success_D(n) Fz(14px) Lh(1.43) C(--batcave) Mb(4px) Mend(50px) Mt(2px) Bxz(bb) Wob($break-word)\" data-test-locator=\"stream-item-summary\">La modelo festej\u00f3 de manera alevosa el campeonato que logr\u00f3 el club turco y dej\u00f3 entrever su lado m\u00e1s pasional; \u201cSi saben c\u00f3mo me pongo, para qu\u00e9 me invitan\u201d, sostuvo<\/p>\n<\/div>\n<\/div>\n<\/li>\n<li class=\"stream-item js-stream-content Bgc(t) Pos(r) Mb(24px)\" data-uuid=\"2f5d8b97-3cfe-3438-b4a7-453d7ae9c7e7\" data-cpos=\"38\" data-cposy=\"43\" data-i13n-cfg=\"{&quot;bpos&quot;:4,&quot;categoryLabel&quot;:&quot;Politics&quot;,&quot;cpos&quot;:38,&quot;cposy&quot;:43}\" data-test-locator=\"stream-item\">\n<div class=\"Pos(r) D(f)\"><img loading=\"lazy\" decoding=\"async\" class=\"alignnone size-medium wp-image-9818 aligncenter\" src=\"https:\/\/www.sportchaco.com.ar\/wp-content\/uploads\/2024\/05\/gobierno-paisaje-300x116.png\" alt=\"\" width=\"300\" height=\"116\" srcset=\"https:\/\/www.sportchaco.com.ar\/wp-content\/uploads\/2024\/05\/gobierno-paisaje-300x116.png 300w, https:\/\/www.sportchaco.com.ar\/wp-content\/uploads\/2024\/05\/gobierno-paisaje-768x297.png 768w, https:\/\/www.sportchaco.com.ar\/wp-content\/uploads\/2024\/05\/gobierno-paisaje.png 800w\" sizes=\"auto, (max-width: 300px) 100vw, 300px\" \/><\/p>\n<div class=\"D(f) Fld(c) Fxg(1) Miw(0)\" style=\"text-align: center;\">\n<div class=\"Fz(12px) D(f) C(--battleship) Mb(4px)\"><\/div>\n<\/div>\n<\/div>\n<\/li>\n<\/ul>\n","protected":false},"excerpt":{"rendered":"<p>Las noticias deportivas del d\u00eda nacionales e internacionales de Yahoo.com &nbsp; Triatleta mexicana sacrifica su puesto para ayudar a otra competidora que se hab\u00eda ca\u00eddo Viviana Cramer se cay\u00f3 cuando estaba a pocos metros de llegar a la meta, por lo que la competidora Gabriela Urias no dud\u00f3 ni un segundo y la llev\u00f3 hasta &hellip;<\/p>\n","protected":false},"author":2,"featured_media":9913,"comment_status":"open","ping_status":"open","sticky":false,"template":"","format":"standard","meta":{"footnotes":""},"categories":[6,47],"tags":[],"class_list":["post-9912","post","type-post","status-publish","format-standard","has-post-thumbnail","hentry","category-internacionales","category-nacionales"],"_links":{"self":[{"href":"https:\/\/www.sportchaco.com.ar\/index.php?rest_route=\/wp\/v2\/posts\/9912","targetHints":{"allow":["GET"]}}],"collection":[{"href":"https:\/\/www.sportchaco.com.ar\/index.php?rest_route=\/wp\/v2\/posts"}],"about":[{"href":"https:\/\/www.sportchaco.com.ar\/index.php?rest_route=\/wp\/v2\/types\/post"}],"author":[{"embeddable":true,"href":"https:\/\/www.sportchaco.com.ar\/index.php?rest_route=\/wp\/v2\/users\/2"}],"replies":[{"embeddable":true,"href":"https:\/\/www.sportchaco.com.ar\/index.php?rest_route=%2Fwp%2Fv2%2Fcomments&post=9912"}],"version-history":[{"count":1,"href":"https:\/\/www.sportchaco.com.ar\/index.php?rest_route=\/wp\/v2\/posts\/9912\/revisions"}],"predecessor-version":[{"id":9914,"href":"https:\/\/www.sportchaco.com.ar\/index.php?rest_route=\/wp\/v2\/posts\/9912\/revisions\/9914"}],"wp:featuredmedia":[{"embeddable":true,"href":"https:\/\/www.sportchaco.com.ar\/index.php?rest_route=\/wp\/v2\/media\/9913"}],"wp:attachment":[{"href":"https:\/\/www.sportchaco.com.ar\/index.php?rest_route=%2Fwp%2Fv2%2Fmedia&parent=9912"}],"wp:term":[{"taxonomy":"category","embeddable":true,"href":"https:\/\/www.sportchaco.com.ar\/index.php?rest_route=%2Fwp%2Fv2%2Fcategories&post=9912"},{"taxonomy":"post_tag","embeddable":true,"href":"https:\/\/www.sportchaco.com.ar\/index.php?rest_route=%2Fwp%2Fv2%2Ftags&post=9912"}],"curies":[{"name":"wp","href":"https:\/\/api.w.org\/{rel}","templated":true}]}}