{"id":9941,"date":"2024-05-28T19:19:35","date_gmt":"2024-05-28T22:19:35","guid":{"rendered":"https:\/\/www.sportchaco.com.ar\/?p=9941"},"modified":"2024-05-28T19:20:27","modified_gmt":"2024-05-28T22:20:27","slug":"sin-partidos-adelantados-y-sin-federativo","status":"publish","type":"post","link":"https:\/\/www.sportchaco.com.ar\/?p=9941","title":{"rendered":"Sin partidos adelantados y sin Federativo"},"content":{"rendered":"<p><strong>28-05-2024<\/strong><\/p>\n<p><img loading=\"lazy\" decoding=\"async\" class=\"size-medium wp-image-9640 aligncenter\" src=\"https:\/\/www.sportchaco.com.ar\/wp-content\/uploads\/2024\/05\/gob-obras-marzo-apaisado-300x29.gif\" alt=\"\" width=\"300\" height=\"29\" srcset=\"https:\/\/www.sportchaco.com.ar\/wp-content\/uploads\/2024\/05\/gob-obras-marzo-apaisado-300x29.gif 300w, https:\/\/www.sportchaco.com.ar\/wp-content\/uploads\/2024\/05\/gob-obras-marzo-apaisado-768x74.gif 768w\" sizes=\"auto, (max-width: 300px) 100vw, 300px\" \/><\/p>\n<p>La Federaci\u00f3n Chaque\u00f1a de F\u00fatbol aplaz\u00f3 nuevamente el inicio del campeonato Federativo a pedido de los clubes participantes. El ente provincial se reuni\u00f3 en Villa \u00c1ngela este martes y lo confirm\u00f3.<\/p>\n<p>Cabe recordar que la fecha de inicio era la del pasado 25 de mayo, la organizaci\u00f3n lo hab\u00eda pospuesto para el fin de semana del 1 y 2 de junio, pero por cuestiones econ\u00f3micas los clubes pidieron no arrancar.<\/p>\n<p>De esta manera, habr\u00e1 que esperar a ver cuando finalmente comenzar\u00e1 el Federativo.<\/p>\n<p>Con respecto a los partidos que involucraban a los cuatro representantes de la Liga Chaque\u00f1a que iban a abrir la 6\u00aa fecha este mi\u00e9rcoles del certamen capitalino, fueron reprogramados para el d\u00eda s\u00e1bado 1 de junio.<\/p>\n<p><img loading=\"lazy\" decoding=\"async\" class=\"size-full wp-image-9671 aligncenter\" src=\"https:\/\/www.sportchaco.com.ar\/wp-content\/uploads\/2024\/05\/Nachec1-200x200-1.gif\" alt=\"\" width=\"200\" height=\"200\" \/><\/p>\n","protected":false},"excerpt":{"rendered":"<p>28-05-2024 La Federaci\u00f3n Chaque\u00f1a de F\u00fatbol aplaz\u00f3 nuevamente el inicio del campeonato Federativo a pedido de los clubes participantes. El ente provincial se reuni\u00f3 en Villa \u00c1ngela este martes y lo confirm\u00f3. Cabe recordar que la fecha de inicio era la del pasado 25 de mayo, la organizaci\u00f3n lo hab\u00eda pospuesto para el fin de &hellip;<\/p>\n","protected":false},"author":3,"featured_media":8519,"comment_status":"open","ping_status":"open","sticky":false,"template":"","format":"standard","meta":{"footnotes":""},"categories":[5],"tags":[],"class_list":["post-9941","post","type-post","status-publish","format-standard","has-post-thumbnail","hentry","category-futbol"],"_links":{"self":[{"href":"https:\/\/www.sportchaco.com.ar\/index.php?rest_route=\/wp\/v2\/posts\/9941","targetHints":{"allow":["GET"]}}],"collection":[{"href":"https:\/\/www.sportchaco.com.ar\/index.php?rest_route=\/wp\/v2\/posts"}],"about":[{"href":"https:\/\/www.sportchaco.com.ar\/index.php?rest_route=\/wp\/v2\/types\/post"}],"author":[{"embeddable":true,"href":"https:\/\/www.sportchaco.com.ar\/index.php?rest_route=\/wp\/v2\/users\/3"}],"replies":[{"embeddable":true,"href":"https:\/\/www.sportchaco.com.ar\/index.php?rest_route=%2Fwp%2Fv2%2Fcomments&post=9941"}],"version-history":[{"count":2,"href":"https:\/\/www.sportchaco.com.ar\/index.php?rest_route=\/wp\/v2\/posts\/9941\/revisions"}],"predecessor-version":[{"id":9943,"href":"https:\/\/www.sportchaco.com.ar\/index.php?rest_route=\/wp\/v2\/posts\/9941\/revisions\/9943"}],"wp:featuredmedia":[{"embeddable":true,"href":"https:\/\/www.sportchaco.com.ar\/index.php?rest_route=\/wp\/v2\/media\/8519"}],"wp:attachment":[{"href":"https:\/\/www.sportchaco.com.ar\/index.php?rest_route=%2Fwp%2Fv2%2Fmedia&parent=9941"}],"wp:term":[{"taxonomy":"category","embeddable":true,"href":"https:\/\/www.sportchaco.com.ar\/index.php?rest_route=%2Fwp%2Fv2%2Fcategories&post=9941"},{"taxonomy":"post_tag","embeddable":true,"href":"https:\/\/www.sportchaco.com.ar\/index.php?rest_route=%2Fwp%2Fv2%2Ftags&post=9941"}],"curies":[{"name":"wp","href":"https:\/\/api.w.org\/{rel}","templated":true}]}}