{"id":9991,"date":"2024-05-29T23:30:16","date_gmt":"2024-05-30T02:30:16","guid":{"rendered":"https:\/\/www.sportchaco.com.ar\/?p=9991"},"modified":"2024-05-30T12:31:39","modified_gmt":"2024-05-30T15:31:39","slug":"9991","status":"publish","type":"post","link":"https:\/\/www.sportchaco.com.ar\/?p=9991","title":{"rendered":"Efem\u00e9rides del 30 de mayo"},"content":{"rendered":"<p><strong>Esta es la Efem\u00e9rides del Deporte en el Chaco de un 30 de mayo del periodista Luis Dar\u00edo Molodezky.<\/strong><\/p>\n<p><img loading=\"lazy\" decoding=\"async\" class=\"alignnone size-medium wp-image-9993\" src=\"https:\/\/www.sportchaco.com.ar\/wp-content\/uploads\/2024\/05\/Molodezky-Luis-11-05-24-3-300x225.jpg\" alt=\"\" width=\"300\" height=\"225\" srcset=\"https:\/\/www.sportchaco.com.ar\/wp-content\/uploads\/2024\/05\/Molodezky-Luis-11-05-24-3-300x225.jpg 300w, https:\/\/www.sportchaco.com.ar\/wp-content\/uploads\/2024\/05\/Molodezky-Luis-11-05-24-3-1024x768.jpg 1024w, https:\/\/www.sportchaco.com.ar\/wp-content\/uploads\/2024\/05\/Molodezky-Luis-11-05-24-3-768x576.jpg 768w, https:\/\/www.sportchaco.com.ar\/wp-content\/uploads\/2024\/05\/Molodezky-Luis-11-05-24-3-1536x1153.jpg 1536w, https:\/\/www.sportchaco.com.ar\/wp-content\/uploads\/2024\/05\/Molodezky-Luis-11-05-24-3.jpg 1599w\" sizes=\"auto, (max-width: 300px) 100vw, 300px\" \/><\/p>\n<p><strong>1913 <\/strong>\/ Con la asistencia de gobernador de Territorio, se inaugura el pol\u00edgono del Tiro Federal Resistencia, con la asistencia de gran cantidad de familias.<\/p>\n<p><strong>1944 \/<\/strong> Nace en Corrientes el ex arquero de For Ever y los Seleccionados de la Liga Chaque\u00f1a, Ram\u00f3n Villanueva. Disput\u00f3 con el negro tres nacionales (1967, 1973 y 1974) y logr\u00f3 muchos t\u00edtulos, como las clasificaciones a los regionales y torneos locales. Fue campe\u00f3n de la Copa Adri\u00e1n Beccar Varela y Copa Presidente, en el argentino de Mendoza 1968. Jug\u00f3 en Mandiy\u00fa y Boca Unidos, y en su vida laboral trabaj\u00f3 en Contadur\u00eda General de la Provincia hasta su jubilaci\u00f3n. Villanueva\u00a0hab\u00eda nacido el 30 de mayo de 1944. Falleci\u00f3 el 20 de noviembre del 2020 a los 72 a\u00f1os.<\/p>\n<p><strong>2006 <\/strong>\/ El mediocampista chaque\u00f1o, Cristian Gim\u00e9nez, que jug\u00f3 la \u00faltima temporada en el Am\u00e9rica, pas\u00f3 al \u00faltimo campe\u00f3n mexicano Pachuca. Pipi jug\u00f3 antes en Boca e Independiente. Hizo las inferiores en Municipales y For Ever.<\/p>\n<p><strong>Foto portada; Ram\u00f3n Villanueva<\/strong><\/p>\n<p>&nbsp;<\/p>\n<p><img loading=\"lazy\" decoding=\"async\" class=\"alignnone size-medium wp-image-9817 aligncenter\" src=\"https:\/\/www.sportchaco.com.ar\/wp-content\/uploads\/2024\/05\/mosqiotps-salud-15-5-24-300x300.jpg\" alt=\"\" width=\"300\" height=\"300\" srcset=\"https:\/\/www.sportchaco.com.ar\/wp-content\/uploads\/2024\/05\/mosqiotps-salud-15-5-24-300x300.jpg 300w, https:\/\/www.sportchaco.com.ar\/wp-content\/uploads\/2024\/05\/mosqiotps-salud-15-5-24-150x150.jpg 150w, https:\/\/www.sportchaco.com.ar\/wp-content\/uploads\/2024\/05\/mosqiotps-salud-15-5-24.jpg 600w\" sizes=\"auto, (max-width: 300px) 100vw, 300px\" \/><\/p>\n","protected":false},"excerpt":{"rendered":"<p>Esta es la Efem\u00e9rides del Deporte en el Chaco de un 30 de mayo del periodista Luis Dar\u00edo Molodezky. 1913 \/ Con la asistencia de gobernador de Territorio, se inaugura el pol\u00edgono del Tiro Federal Resistencia, con la asistencia de gran cantidad de familias. 1944 \/ Nace en Corrientes el ex arquero de For Ever &hellip;<\/p>\n","protected":false},"author":2,"featured_media":9992,"comment_status":"open","ping_status":"open","sticky":false,"template":"","format":"standard","meta":{"footnotes":""},"categories":[45,35],"tags":[],"class_list":["post-9991","post","type-post","status-publish","format-standard","has-post-thumbnail","hentry","category-efemerides-dia-por-dia","category-mayo"],"_links":{"self":[{"href":"https:\/\/www.sportchaco.com.ar\/index.php?rest_route=\/wp\/v2\/posts\/9991","targetHints":{"allow":["GET"]}}],"collection":[{"href":"https:\/\/www.sportchaco.com.ar\/index.php?rest_route=\/wp\/v2\/posts"}],"about":[{"href":"https:\/\/www.sportchaco.com.ar\/index.php?rest_route=\/wp\/v2\/types\/post"}],"author":[{"embeddable":true,"href":"https:\/\/www.sportchaco.com.ar\/index.php?rest_route=\/wp\/v2\/users\/2"}],"replies":[{"embeddable":true,"href":"https:\/\/www.sportchaco.com.ar\/index.php?rest_route=%2Fwp%2Fv2%2Fcomments&post=9991"}],"version-history":[{"count":4,"href":"https:\/\/www.sportchaco.com.ar\/index.php?rest_route=\/wp\/v2\/posts\/9991\/revisions"}],"predecessor-version":[{"id":10024,"href":"https:\/\/www.sportchaco.com.ar\/index.php?rest_route=\/wp\/v2\/posts\/9991\/revisions\/10024"}],"wp:featuredmedia":[{"embeddable":true,"href":"https:\/\/www.sportchaco.com.ar\/index.php?rest_route=\/wp\/v2\/media\/9992"}],"wp:attachment":[{"href":"https:\/\/www.sportchaco.com.ar\/index.php?rest_route=%2Fwp%2Fv2%2Fmedia&parent=9991"}],"wp:term":[{"taxonomy":"category","embeddable":true,"href":"https:\/\/www.sportchaco.com.ar\/index.php?rest_route=%2Fwp%2Fv2%2Fcategories&post=9991"},{"taxonomy":"post_tag","embeddable":true,"href":"https:\/\/www.sportchaco.com.ar\/index.php?rest_route=%2Fwp%2Fv2%2Ftags&post=9991"}],"curies":[{"name":"wp","href":"https:\/\/api.w.org\/{rel}","templated":true}]}}